{"id":314521,"date":"2022-07-12T12:07:10","date_gmt":"2022-07-12T10:07:10","guid":{"rendered":"https:\/\/www.radioluna.it\/news\/?p=314521"},"modified":"2022-07-12T13:05:44","modified_gmt":"2022-07-12T11:05:44","slug":"il-covid-torna-a-far-paura-muore-un-52enne-di-norma-duemila-nuovi-positivi","status":"publish","type":"post","link":"https:\/\/www.radioluna.it\/news\/2022\/07\/il-covid-torna-a-far-paura-muore-un-52enne-di-norma-duemila-nuovi-positivi\/","title":{"rendered":"Il covid torna a far paura, muore un 52enne di Norma. Duemila nuovi positivi"},"content":{"rendered":"<div id=\"fb-root\"><\/div>\n<p style=\"text-align: justify;\"><strong>LATINA<\/strong> &#8211; Un uomo di 52 anni di Norma \u00e8 morto nelle scorse ore al Goretti dove era ricoverato per l&#8217;aggravarsi del quadro clinico seguito al covid.\u00a0 Deceduta anche un&#8217; anziana di Sezze. Il virus torna cos\u00ec a fare paura: con il dilagare dei casi, infatti, sale la percentuale dei ricoveri che hanno registrato un&#8217;impennata, cos\u00ec come dei decessi che in provincia di Latina hanno raggiunto quota 878 da inizio pandemia. Cinque sono stati i pazienti deceduti nell&#8217;ultima settimana, tutti con patologie pregresse ad eccezione di uno.<\/p>\n<p style=\"text-align: justify;\">Recuperando anche le mancate diagnosi e notifiche della domenica, oggi il numero dei positivi sale oltre quota duemila, di cui 1834 sono cittadini residenti in provincia di Latina (e 180 i non residenti che sul territorio provinciale hanno eseguito il test).<\/p>\n<p style=\"text-align: justify;\">Numeri che emergono da circa 6500 tamponi per un tasso di positivit\u00e0 che resta stabile al 30% circa.<\/p>\n<p style=\"text-align: justify;\">A Latina 462 nuovi casi, 194 ad Aprilia, 172 a Terracina, quarta citt\u00e0 con pi\u00f9 contagi \u00e8 Formia con 124.<\/p>\n<p>COMUNE PER COMUNE<\/p>\n<p>Aprilia 194<br \/>\nBassiano 4<br \/>\nCampodimele 1<br \/>\nCastelforte 9<br \/>\nCisterna di Latina 119<br \/>\nCori 34<br \/>\nFondi 40<br \/>\nFormia 124<br \/>\nGaeta 70<br \/>\nItri 31<br \/>\nLatina 462<br \/>\nLenola 13<br \/>\nMaenza 13<br \/>\nMinturno 94<br \/>\nMonte San Biagio 19<br \/>\nNorma 11 1<br \/>\nPontinia 49<br \/>\nPonza 1<br \/>\nPriverno 44<br \/>\nProssedi 5<br \/>\nRoccagorga 12<br \/>\nRocca Massima 1<br \/>\nRoccasecca dei Volsci 7<br \/>\nSabaudia 74<br \/>\nSan Felice Circeo 19<br \/>\nSanti Cosma e Damiano 36<br \/>\nSermoneta 49<br \/>\nSezze 79 1<br \/>\nSonnino 25<br \/>\nSperlonga 11<br \/>\nSpigno Saturnia 10<br \/>\nTerracina 172<br \/>\nVentotene 2<\/p>\n","protected":false},"excerpt":{"rendered":"<p>LATINA &#8211; Un uomo di 52 anni di Norma \u00e8 morto nelle scorse ore al Goretti dove era ricoverato per l&#8217;aggravarsi del quadro clinico seguito al covid.\u00a0 Deceduta anche un&#8217; anziana di Sezze. Il virus torna cos\u00ec a fare paura: con il dilagare dei casi, infatti, sale la percentuale dei ricoveri che hanno registrato un&#8217;impennata, [&hellip;]<\/p>\n","protected":false},"author":60,"featured_media":308425,"comment_status":"open","ping_status":"open","sticky":false,"template":"","format":"standard","meta":{"footnotes":""},"categories":[2616],"tags":[],"class_list":["post-314521","post","type-post","status-publish","format-standard","has-post-thumbnail","hentry","category-sanita"],"_links":{"self":[{"href":"https:\/\/www.radioluna.it\/news\/wp-json\/wp\/v2\/posts\/314521","targetHints":{"allow":["GET"]}}],"collection":[{"href":"https:\/\/www.radioluna.it\/news\/wp-json\/wp\/v2\/posts"}],"about":[{"href":"https:\/\/www.radioluna.it\/news\/wp-json\/wp\/v2\/types\/post"}],"author":[{"embeddable":true,"href":"https:\/\/www.radioluna.it\/news\/wp-json\/wp\/v2\/users\/60"}],"replies":[{"embeddable":true,"href":"https:\/\/www.radioluna.it\/news\/wp-json\/wp\/v2\/comments?post=314521"}],"version-history":[{"count":0,"href":"https:\/\/www.radioluna.it\/news\/wp-json\/wp\/v2\/posts\/314521\/revisions"}],"wp:featuredmedia":[{"embeddable":true,"href":"https:\/\/www.radioluna.it\/news\/wp-json\/wp\/v2\/media\/308425"}],"wp:attachment":[{"href":"https:\/\/www.radioluna.it\/news\/wp-json\/wp\/v2\/media?parent=314521"}],"wp:term":[{"taxonomy":"category","embeddable":true,"href":"https:\/\/www.radioluna.it\/news\/wp-json\/wp\/v2\/categories?post=314521"},{"taxonomy":"post_tag","embeddable":true,"href":"https:\/\/www.radioluna.it\/news\/wp-json\/wp\/v2\/tags?post=314521"}],"curies":[{"name":"wp","href":"https:\/\/api.w.org\/{rel}","templated":true}]}}