{"id":314546,"date":"2022-07-13T07:31:46","date_gmt":"2022-07-13T05:31:46","guid":{"rendered":"https:\/\/www.radioluna.it\/news\/?p=314546"},"modified":"2022-07-13T07:31:46","modified_gmt":"2022-07-13T05:31:46","slug":"vaccini-covid-al-via-le-prenotazioni-per-la-quarta-dose-agli-over-60","status":"publish","type":"post","link":"https:\/\/www.radioluna.it\/news\/2022\/07\/vaccini-covid-al-via-le-prenotazioni-per-la-quarta-dose-agli-over-60\/","title":{"rendered":"Vaccini covid, al via le prenotazioni per la quarta dose agli over 60"},"content":{"rendered":"<div id=\"fb-root\"><\/div>\n<p style=\"text-align: justify;\"><strong>LATINA<\/strong> &#8211; Al via anche nel Lazio la quarta dose per gli over 60. Il Ministero della Salute in relazione alla ripresa della curva epidemica del virus Sars-Cov-2 ha esteso la platea vaccinale destinataria della seconda dose di richiamo, o second booster, della campagna vaccinale.<br \/>\nLa \u201cquarta dose\u201d \u00e8 ora consigliata a tutte le persone di et\u00e0 uguale o superiore ai 60 anni e per i soggetti fragili di et\u00e0 pari o superiore ai 12 anni. Per queste categorie di cittadini sar\u00e0 possibile<br \/>\nprenotare il vaccino sul sito preventiva, che potr\u00e0 essere eseguita sul sito: https:\/\/www.salutelazio.it dalle ore 24 di mercoled\u00ec oggi, mercoled\u00ec 13 luglio.<\/p>\n<p style=\"text-align: justify;\">&#8220;C&#8217;\u00e8 priorit\u00e0 assoluta di sottoporsi al vaccino Sars-Cov-2 per tutti i soggetti che non hanno ancora ricevuto n\u00e9 il ciclo di vaccinazione primaria, n\u00e9 la prima dose di richiamo e si invita la popolazione pi\u00f9 fragile a sottoporsi alla seconda dose di richiamo (second booster) cos\u00ec da fermare l\u2019ondata di contagi e evitare le gravi complicanze legate all\u2019infezione&#8221;, \u00e8 la raccomandazione che arriva dalla Asl di Latina.<\/p>\n<p style=\"text-align: justify;\"><strong>PER CHI NON SI E&#8217; ANCORA VACCINATO<\/strong> &#8211; Per chi invece debba sottoporsi alle prime tre dosi, l\u2019accesso agli hub vaccinali della provincia di Latina \u00e8 libero e senza necessit\u00e0 di prenotazione.<br \/>\nGLI ORARI DI APERTURA &#8211; Gli orari di apertura degli hub vaccinali variano a partire da venerd\u00ec 15 luglio:<br \/>\n\u2022 Latina: :Hub Vaccinale EX Rossi Sud, dal luned\u00ec al sabato dalle 8 alle 20.<br \/>\n\u2022 Formia: Hub Vaccinale Centro Commerciale Itaca, dal luned\u00ec al sabato dalle 8 alle 20<br \/>\n\u2022 Terracina: Hub vaccinale Ospedale Fiorini, dal luned\u00ec al sabato dalle 8 alle 20<br \/>\n\u2022 Fondi: Ospedale San Giovanni di Dio , dal luned\u00ec al sabato dalle 8 alle 20<br \/>\n\u2022 Priverno: Casa della Salute, dal luned\u00ec al sabato dalle 14 alle 20<br \/>\n\u2022 Aprilia: Clinica Citt\u00e0 di Aprilia, luned\u00ec, gioved\u00ec e sabato dalle 8 alle 14.<\/p>\n<p style=\"text-align: justify;\"><strong>BAMBINI<\/strong> &#8211; Il 23 luglio e il 6 agosto sar\u00e0, inoltre, possibile, senza alcuna prenotazione, vaccinare i bambini presso l\u2019 Hub pediatrico dell\u2019Ospedale di Latina dalle 8 alle 14 e presso il centro vaccinaizoni dell\u2019Ospedale di Formia dalle 14 alle 20.<\/p>\n","protected":false},"excerpt":{"rendered":"<p>LATINA &#8211; Al via anche nel Lazio la quarta dose per gli over 60. Il Ministero della Salute in relazione alla ripresa della curva epidemica del virus Sars-Cov-2 ha esteso la platea vaccinale destinataria della seconda dose di richiamo, o second booster, della campagna vaccinale. La \u201cquarta dose\u201d \u00e8 ora consigliata a tutte le persone [&hellip;]<\/p>\n","protected":false},"author":62,"featured_media":291917,"comment_status":"open","ping_status":"open","sticky":false,"template":"","format":"standard","meta":{"footnotes":""},"categories":[2616],"tags":[],"class_list":["post-314546","post","type-post","status-publish","format-standard","has-post-thumbnail","hentry","category-sanita"],"_links":{"self":[{"href":"https:\/\/www.radioluna.it\/news\/wp-json\/wp\/v2\/posts\/314546","targetHints":{"allow":["GET"]}}],"collection":[{"href":"https:\/\/www.radioluna.it\/news\/wp-json\/wp\/v2\/posts"}],"about":[{"href":"https:\/\/www.radioluna.it\/news\/wp-json\/wp\/v2\/types\/post"}],"author":[{"embeddable":true,"href":"https:\/\/www.radioluna.it\/news\/wp-json\/wp\/v2\/users\/62"}],"replies":[{"embeddable":true,"href":"https:\/\/www.radioluna.it\/news\/wp-json\/wp\/v2\/comments?post=314546"}],"version-history":[{"count":0,"href":"https:\/\/www.radioluna.it\/news\/wp-json\/wp\/v2\/posts\/314546\/revisions"}],"wp:featuredmedia":[{"embeddable":true,"href":"https:\/\/www.radioluna.it\/news\/wp-json\/wp\/v2\/media\/291917"}],"wp:attachment":[{"href":"https:\/\/www.radioluna.it\/news\/wp-json\/wp\/v2\/media?parent=314546"}],"wp:term":[{"taxonomy":"category","embeddable":true,"href":"https:\/\/www.radioluna.it\/news\/wp-json\/wp\/v2\/categories?post=314546"},{"taxonomy":"post_tag","embeddable":true,"href":"https:\/\/www.radioluna.it\/news\/wp-json\/wp\/v2\/tags?post=314546"}],"curies":[{"name":"wp","href":"https:\/\/api.w.org\/{rel}","templated":true}]}}