{"id":314595,"date":"2022-07-13T12:28:13","date_gmt":"2022-07-13T10:28:13","guid":{"rendered":"https:\/\/www.radioluna.it\/news\/?p=314595"},"modified":"2022-07-13T12:28:13","modified_gmt":"2022-07-13T10:28:13","slug":"in-tanti-a-sabaudia-per-lincontro-con-dacia-maraini-che-ha-aperto-libri-nel-parco","status":"publish","type":"post","link":"https:\/\/www.radioluna.it\/news\/2022\/07\/in-tanti-a-sabaudia-per-lincontro-con-dacia-maraini-che-ha-aperto-libri-nel-parco\/","title":{"rendered":"In tanti a Sabaudia per l&#8217;incontro con Dacia Maraini che ha aperto Libri nel Parco"},"content":{"rendered":"<div id=\"fb-root\"><\/div>\n<p style=\"text-align: justify;\"><strong>SABAUDIA &#8211; <\/strong>Corte comunale affollata a Sabaudia per l\u2019arrivo di Dacia Maraini che con il suo <em>Caro Pier Paolo <\/em>(alla sua terza ristampa e tradotto in tre lingue) ha aperto (marted\u00ec 12 luglio) la rassegna letteraria Libri nel Parco promossa e organizzata dall&#8217;associazione Sabaudia Culturando. Nelle pagine che procedono tra lettere e sogni, un racconto personale e intimo del grande intellettuale del Novecento, che il pubblico di Sabaudia ha mostrato di apprezzare fermandosi, al termine, anche per un lungo firmacopie.<\/p>\n<p style=\"text-align: justify;\">Madrina della giornata di apertura del cartellone, Ilaria Pallocchini che ha dato subito la parola al neo sindaco Alberto Mosca: \u201cMi impegno a valorizzare la cultura, sar\u00e0 una delle linee di questa Amministrazione\u201d, ha promesso il primo cittadino che ha dato il benvenuto alla scrittrice.\u00a0 \u201cLa cultura \u00e8 economia, sarebbe un errore non promuoverla\u201d, gli ha risposto la Maraini che poi ha generosamente condiviso con i lettori molti ricordi della Sabaudia degli anni Sessanta e Settanta in cui lei, Alberto Moravia e Pier Paolo Pasolini si ritiravano nella citt\u00e0 delle dune per dare vita ad alcune delle loro opere letterarie in seguito divenute note\u00a0 in tutto il mondo.<\/p>\n<p style=\"text-align: justify;\">Dal libro \u00e8 nato anche un podcast di cui ha parlato lo scrittore e studioso dell&#8217;opera della Maraini, Eugenio Murrali, che lo ha curato per l&#8217;editore Neri Pozza.<\/p>\n<p style=\"text-align: justify;\">Il secondo appuntamento di Libri nel Parco si svolger\u00e0 gioved\u00ec 14 luglio alle ore 21:30 con Giancarlo De Cataldo che presenter\u00e0 il suo ultimo libro \u201cLa svedese\u201d e moderer\u00e0 l\u2019incontro il giornalista Vittorio Buongiorno.<\/p>\n<p style=\"text-align: justify;\">\n","protected":false},"excerpt":{"rendered":"<p>SABAUDIA &#8211; Corte comunale affollata a Sabaudia per l\u2019arrivo di Dacia Maraini che con il suo Caro Pier Paolo (alla sua terza ristampa e tradotto in tre lingue) ha aperto (marted\u00ec 12 luglio) la rassegna letteraria Libri nel Parco promossa e organizzata dall&#8217;associazione Sabaudia Culturando. Nelle pagine che procedono tra lettere e sogni, un racconto [&hellip;]<\/p>\n","protected":false},"author":60,"featured_media":314596,"comment_status":"open","ping_status":"open","sticky":false,"template":"","format":"standard","meta":{"footnotes":""},"categories":[15],"tags":[],"class_list":["post-314595","post","type-post","status-publish","format-standard","has-post-thumbnail","hentry","category-cultura"],"_links":{"self":[{"href":"https:\/\/www.radioluna.it\/news\/wp-json\/wp\/v2\/posts\/314595","targetHints":{"allow":["GET"]}}],"collection":[{"href":"https:\/\/www.radioluna.it\/news\/wp-json\/wp\/v2\/posts"}],"about":[{"href":"https:\/\/www.radioluna.it\/news\/wp-json\/wp\/v2\/types\/post"}],"author":[{"embeddable":true,"href":"https:\/\/www.radioluna.it\/news\/wp-json\/wp\/v2\/users\/60"}],"replies":[{"embeddable":true,"href":"https:\/\/www.radioluna.it\/news\/wp-json\/wp\/v2\/comments?post=314595"}],"version-history":[{"count":0,"href":"https:\/\/www.radioluna.it\/news\/wp-json\/wp\/v2\/posts\/314595\/revisions"}],"wp:featuredmedia":[{"embeddable":true,"href":"https:\/\/www.radioluna.it\/news\/wp-json\/wp\/v2\/media\/314596"}],"wp:attachment":[{"href":"https:\/\/www.radioluna.it\/news\/wp-json\/wp\/v2\/media?parent=314595"}],"wp:term":[{"taxonomy":"category","embeddable":true,"href":"https:\/\/www.radioluna.it\/news\/wp-json\/wp\/v2\/categories?post=314595"},{"taxonomy":"post_tag","embeddable":true,"href":"https:\/\/www.radioluna.it\/news\/wp-json\/wp\/v2\/tags?post=314595"}],"curies":[{"name":"wp","href":"https:\/\/api.w.org\/{rel}","templated":true}]}}