{"id":314619,"date":"2022-07-13T19:12:02","date_gmt":"2022-07-13T17:12:02","guid":{"rendered":"https:\/\/www.radioluna.it\/news\/?p=314619"},"modified":"2022-07-14T06:56:50","modified_gmt":"2022-07-14T04:56:50","slug":"over-60-e-fragili-alle-20-al-via-alle-prenotazioni","status":"publish","type":"post","link":"https:\/\/www.radioluna.it\/news\/2022\/07\/over-60-e-fragili-alle-20-al-via-alle-prenotazioni\/","title":{"rendered":"Over 60 e fragili, al via alle prenotazioni della quarta dose di vaccino"},"content":{"rendered":"<div id=\"fb-root\"><\/div>\n<p><strong>LATINA &#8211;<\/strong> Il Ministero della Salute in relazione alla ripresa della curva epidemica del virus Sars-Cov-2 ha esteso la platea vaccinale destinataria della seconda dose di richiamo, o second booster, della campagna vaccinale. La &#8220;quarta dose&#8221; \u00e8 ora consigliata a tutte le persone di et\u00e0 uguale o superiore ai 60 anni e per i soggetti fragili di et\u00e0 pari o superiore ai 12 anni. Per queste categorie di cittadini sar\u00e0 possibile prenotare il vaccino sul <a href=\"https:\/\/www.salutelazio.it\">sito <\/a>dalle ore 20 di oggi, mercoled\u00ec 13 luglio.<\/p>\n<p>Per coloro che, invece, devono ancora sottoporsi alle prime 3 dosi l&#8217;accesso presso gli hub vaccinali della Provincia \u00e8 libero e senza necessit\u00e0 di prenotazione.<\/p>\n<p>Gli orari di apertura degli hub vaccinali variano come di seguito, a partire da venerd\u00ec 15 luglio:<\/p>\n<p>\u2022 Latina: :Hub Vaccinale EX Rossi Sud, dal luned\u00ec al sabato dalle 8 alle 20.<\/p>\n<p>\u2022 Formia: Hub Vaccinale Centro Commerciale Itaca, dal luned\u00ec al sabato dalle 8 alle 20<\/p>\n<p>\u2022 Terracina: Hub vaccinale Ospedale Fiorini, dal luned\u00ec al sabato dalle 8 alle 20<\/p>\n<p>\u2022 Fondi: Ospedale San Giovanni di Dio , dal luned\u00ec al sabato dalle 8 alle 20<\/p>\n<p>\u2022 Priverno: Casa della Salute, dal luned\u00ec al sabato dalle 14 alle 20<\/p>\n<p>\u2022 Aprilia: Clinica Citt\u00e0 di Aprilia, luned\u00ec, gioved\u00ec e sabato dalle 8 alle 14.<\/p>\n<p>In data 23 Luglio e il 6 Agosto sar\u00e0, inoltre, possibile, senza alcuna prenotazione, vaccinare i bambini presso l&#8217; Hub pediatrico dell&#8217;Ospedale di Latina dalle 8 alle 14 e presso l&#8217;Hub dell&#8217;Ospedale di Formia dalle 14 alle 20.. Si ribadisce, infine, la priorit\u00e0 assoluta di sottoporsi al vaccino Sars-Cov-2 per tutti i soggetti che non hanno ancora ricevuto n\u00e9 il ciclo di vaccinazione primaria, n\u00e9 la prima dose di richiamo e si invita la popolazione pi\u00f9 fragile a sottoporsi alla seconda dose di richiamo (second booster) cos\u00ec da fermare l&#8217;ondata di contagi e evitare le gravi complicanze legate all&#8217;infezione.<\/p>\n","protected":false},"excerpt":{"rendered":"<p>LATINA &#8211; Il Ministero della Salute in relazione alla ripresa della curva epidemica del virus Sars-Cov-2 ha esteso la platea vaccinale destinataria della seconda dose di richiamo, o second booster, della campagna vaccinale. La &#8220;quarta dose&#8221; \u00e8 ora consigliata a tutte le persone di et\u00e0 uguale o superiore ai 60 anni e per i soggetti [&hellip;]<\/p>\n","protected":false},"author":60,"featured_media":307115,"comment_status":"open","ping_status":"open","sticky":false,"template":"","format":"standard","meta":{"footnotes":""},"categories":[7,2616],"tags":[],"class_list":["post-314619","post","type-post","status-publish","format-standard","has-post-thumbnail","hentry","category-cronaca","category-sanita"],"_links":{"self":[{"href":"https:\/\/www.radioluna.it\/news\/wp-json\/wp\/v2\/posts\/314619","targetHints":{"allow":["GET"]}}],"collection":[{"href":"https:\/\/www.radioluna.it\/news\/wp-json\/wp\/v2\/posts"}],"about":[{"href":"https:\/\/www.radioluna.it\/news\/wp-json\/wp\/v2\/types\/post"}],"author":[{"embeddable":true,"href":"https:\/\/www.radioluna.it\/news\/wp-json\/wp\/v2\/users\/60"}],"replies":[{"embeddable":true,"href":"https:\/\/www.radioluna.it\/news\/wp-json\/wp\/v2\/comments?post=314619"}],"version-history":[{"count":0,"href":"https:\/\/www.radioluna.it\/news\/wp-json\/wp\/v2\/posts\/314619\/revisions"}],"wp:featuredmedia":[{"embeddable":true,"href":"https:\/\/www.radioluna.it\/news\/wp-json\/wp\/v2\/media\/307115"}],"wp:attachment":[{"href":"https:\/\/www.radioluna.it\/news\/wp-json\/wp\/v2\/media?parent=314619"}],"wp:term":[{"taxonomy":"category","embeddable":true,"href":"https:\/\/www.radioluna.it\/news\/wp-json\/wp\/v2\/categories?post=314619"},{"taxonomy":"post_tag","embeddable":true,"href":"https:\/\/www.radioluna.it\/news\/wp-json\/wp\/v2\/tags?post=314619"}],"curies":[{"name":"wp","href":"https:\/\/api.w.org\/{rel}","templated":true}]}}