{"id":314741,"date":"2022-07-15T10:22:35","date_gmt":"2022-07-15T08:22:35","guid":{"rendered":"https:\/\/www.radioluna.it\/news\/?p=314741"},"modified":"2022-07-15T10:22:35","modified_gmt":"2022-07-15T08:22:35","slug":"a-sabaudia-19-spettacoli-nella-cavea-del-parco-nazionale-torna-il-parco-e-la-commedia","status":"publish","type":"post","link":"https:\/\/www.radioluna.it\/news\/2022\/07\/a-sabaudia-19-spettacoli-nella-cavea-del-parco-nazionale-torna-il-parco-e-la-commedia\/","title":{"rendered":"A Sabaudia 19 spettacoli nella cavea del Parco Nazionale: torna Il Parco e la Commedia"},"content":{"rendered":"<div id=\"fb-root\"><\/div>\n<p style=\"text-align: justify;\"><strong>SABAUDIA &#8211;<\/strong> Sabato 16 luglio alle 21\u00a0 prende il via la XI edizione de Il Parco e la Commedia, 18 serate (fino al 6 agosto) per 19 spettacoli, nella cavea del Centro visitatori del Parco nazionale del Circeo, promossa dalla Pro Loco Sabaudia, curata dal direttore artistico Umberto Cappadocia e dal presidente dell\u2019Associazione Gennaro Di Leva, con i patrocini di Regione Lazio, Citt\u00e0 di Sabaudia, Parco Nazionale del Circeo, UILT- Unione italiana libero teatro e Consorzio Pro Loco Circe.<br \/>\n\u00abSiamo arrivati alla XI edizione \u2013 come sottolineato dal direttore artistico Umberto Cappadocia \u2013 undici anni di racconti, comicit\u00e0, divertimento, emozioni. \u00c8 cominciato tutto per gioco e con il tempo \u00e8 diventato un faticoso ma piacevole impegno, fatto con testa e cuore. Abbiamo trainato negli anni una carrozza piena di sogni, desideri, aspettative, a volte disattese altre ricche di contenuti. La passione per il Parco e la Commedia \u00e8 cresciuta e ci ha coinvolto tutti. Questo evento ha sempre creato atmosfere magiche e uniche, amplificate dallo scenario del Parco nazionale del Circeo, luogo privilegiato, sospeso nello spazio e nel tempo, adatto a dare all\u2019immaginazione il giusto respiro e licenza di esprimersi\u00bb. <img loading=\"lazy\" decoding=\"async\" class=\" wp-image-314743 alignright\" src=\"https:\/\/www.radioluna.it\/news\/wp-content\/uploads\/2022\/07\/programma-2022.jpg\" alt=\"\" width=\"474\" height=\"936\" srcset=\"https:\/\/www.radioluna.it\/news\/wp-content\/uploads\/2022\/07\/programma-2022.jpg 972w, https:\/\/www.radioluna.it\/news\/wp-content\/uploads\/2022\/07\/programma-2022-768x1517.jpg 768w, https:\/\/www.radioluna.it\/news\/wp-content\/uploads\/2022\/07\/programma-2022-778x1536.jpg 778w\" sizes=\"auto, (max-width: 474px) 100vw, 474px\" \/><\/p>\n<p style=\"text-align: justify;\">Tra ritorni e novit\u00e0, il Parco e la Commedia accoglier\u00e0\u00a0 &#8211; raccontano gli organizzatori &#8211; il ritorno di Giancarlo Loffarelli e de \u201cLe Colonne\u201d con il loro \u201cCome nasce un capolavoro\u201d, di Gianni Pontillo e della compagnia Opera, e ancora Claudia Campagnola che con il partner d\u2019eccezione Marco Morandi da\u2019 musica al suo \u201cParola di Wurlitzer\u201d. A rappresentare l\u2019amatorialit\u00e0\u00a0 le voci di Sabaudia \u2013 ma con inflessione partenopea \u2013 della compagnia \u201cNapul\u2019\u00e8\u2026 Na\u201d e del gruppo teatrale di Priverno \u201cPurpurin\u201d. Tra i ritorni pi\u00f9 attesi, dopo aver portato le \u201cEmozioni in scena\u201d incantando tutti i presenti nella VII edizione, i ragazzi della Diaphor\u00e0 APS che presentano \u201cRacconta-mi. Un viaggio di storie senza confini\u201d.<\/p>\n<p style=\"text-align: justify;\">\u00abOgni anno \u2013 dice il presidente della Pro Loco Sabaudia Gennaro Di Leva \u2013 vediamo crescere il numero di compagnie locali che partecipano alla rassegna e forse non \u00e8 un caso che sia divenuta un punto di riferimento, un\u2019opportunit\u00e0 per dare voce a coloro che hanno visto nascere e crescere il loro talento e passione in questo territorio. Al contempo si \u00e8 rafforzata la \u201crete\u201d di persone che sostiene la manifestazione: i tanti partner economici che consentono di festeggiare il traguardo delle undici edizioni, ma anche tutti coloro che mettono a disposizione il proprio tempo affinch\u00e9 la complessit\u00e0 necessaria per portare in scena 19 spettacoli in 18 serate sia condivisa. C\u2019\u00e8 una forza aggregante cresciuta in questi ultimi anni che non pu\u00f2 essere sottovalutata e anche questa concorre a formulare la nostra idea pi\u00f9 bella di questo territorio\u00bb.<\/p>\n<p style=\"text-align: justify;\"><strong>PRIMO FINE SETTIMANA &#8211;<\/strong> La prima novit\u00e0 della XI edizione \u00e8 affidata alla danza, linguaggio finora poco esplorato nel Parco e la Commedia, Andrea de Siena, Viola Centi e Giulia Pesole presentano \u201cTarantella: ritmi popolari in viaggio\u201d,<br \/>\nuno spettacolo intessuto dalla ricerca delle tradizioni alla scoperta del magico mondo delle pizziche,\u00a0 tammuriate e tarantelle. All\u2019attesa e pluripremiata compagnia Matutateatro \u00e8 invece affidato uno degli appuntamenti divenuto tratto peculiare di una rassegna che guarda sempre al futuro: la pomeridiana per i bambini che quest\u2019anno vede protagonista \u201cCappuccetto Red\u201d, la celebre fiaba riletta attraverso l\u2019inedito sguardo di Julia Borretti e Titta Ceccano che si arricchisce di contaminazioni, anche in inglese. Il sipario della serata inaugurale, sabato alle 21, si apre con la compagnia La Bottega dell\u2019Attore che presenta \u201cQuando si dice il caso\u201d, scritto e diretto da Anna Fraioli. Quattro coinquilini, squattrinati fuori- sede e una convivenza troppo stretta costituiscono lo scenario di una commedia degli equivoci densa di situazioni paradossali. Poi una domanda: ma esiste il caso o forse la vita continua a svelarsi in tutta la sua ironia?<\/p>\n<p style=\"text-align: justify;\">Cambio di scena e domenica 17, sempre alle 21, sono protagoniste le pagine di Mark Twain attraverso il reading teatrale \u201cIl diario di Adamo ed Eva\u201d della TNT Company E.T.S, con la regia di Barbara Chiesa. In chiave ironica e leggera viene ripercorso lo strano quanto difficile incontro tra il primo uomo e la prima donna sulla terra. Adamo ed Eva, insieme, dovranno riuscire a convivere e sopravvivere alla prima relazione della storia dell\u2019umanit\u00e0, il primo innamoramento, il primo litigio, il primo figlio, mostrando come, alla fine, non siamo poi cos\u00ec lontani dagli \u201coriginali\u201d.<\/p>\n<p style=\"text-align: justify;\">Luned\u00ec 18 sar\u00e0 invece la volta di \u201cTitti Twister, dal tramonto all\u2019alba\u201d dell\u2019Associazione Sarah Bernhardt, una commedia musicale che tra burlesque e musiche dal vivo si tinge di rosa.<\/p>\n<p style=\"text-align: justify;\">La rassegna, vista l\u2019esponenziale crescita di contagi da Covid-19, si avvarr\u00e0 anche quest\u2019anno del sostegno dell\u2019ANC \u2013 Nucleo volontariato e protezione civile Sabaudia, dei soci dell\u2019Atletica Sabaudia, dei consiglieri della Pro Loco Sabaudia e di tanti volontari.<\/p>\n<p style=\"text-align: justify;\">L&#8217;ingresso agli spettacoli \u00e8 gratuito, grazie al sostegno di sponsor ed Enti.<\/p>\n","protected":false},"excerpt":{"rendered":"<p>SABAUDIA &#8211; Sabato 16 luglio alle 21\u00a0 prende il via la XI edizione de Il Parco e la Commedia, 18 serate (fino al 6 agosto) per 19 spettacoli, nella cavea del Centro visitatori del Parco nazionale del Circeo, promossa dalla Pro Loco Sabaudia, curata dal direttore artistico Umberto Cappadocia e dal presidente dell\u2019Associazione Gennaro Di [&hellip;]<\/p>\n","protected":false},"author":60,"featured_media":314742,"comment_status":"open","ping_status":"open","sticky":false,"template":"","format":"standard","meta":{"footnotes":""},"categories":[16],"tags":[],"class_list":["post-314741","post","type-post","status-publish","format-standard","has-post-thumbnail","hentry","category-appuntamenti"],"_links":{"self":[{"href":"https:\/\/www.radioluna.it\/news\/wp-json\/wp\/v2\/posts\/314741","targetHints":{"allow":["GET"]}}],"collection":[{"href":"https:\/\/www.radioluna.it\/news\/wp-json\/wp\/v2\/posts"}],"about":[{"href":"https:\/\/www.radioluna.it\/news\/wp-json\/wp\/v2\/types\/post"}],"author":[{"embeddable":true,"href":"https:\/\/www.radioluna.it\/news\/wp-json\/wp\/v2\/users\/60"}],"replies":[{"embeddable":true,"href":"https:\/\/www.radioluna.it\/news\/wp-json\/wp\/v2\/comments?post=314741"}],"version-history":[{"count":0,"href":"https:\/\/www.radioluna.it\/news\/wp-json\/wp\/v2\/posts\/314741\/revisions"}],"wp:featuredmedia":[{"embeddable":true,"href":"https:\/\/www.radioluna.it\/news\/wp-json\/wp\/v2\/media\/314742"}],"wp:attachment":[{"href":"https:\/\/www.radioluna.it\/news\/wp-json\/wp\/v2\/media?parent=314741"}],"wp:term":[{"taxonomy":"category","embeddable":true,"href":"https:\/\/www.radioluna.it\/news\/wp-json\/wp\/v2\/categories?post=314741"},{"taxonomy":"post_tag","embeddable":true,"href":"https:\/\/www.radioluna.it\/news\/wp-json\/wp\/v2\/tags?post=314741"}],"curies":[{"name":"wp","href":"https:\/\/api.w.org\/{rel}","templated":true}]}}