{"id":314760,"date":"2022-07-15T13:05:55","date_gmt":"2022-07-15T11:05:55","guid":{"rendered":"https:\/\/www.radioluna.it\/news\/?p=314760"},"modified":"2022-07-18T07:11:33","modified_gmt":"2022-07-18T05:11:33","slug":"latina-anche-lidromassaggio-nella-casa-popolare-sottratta-ai-de-rosa-la-questura-riconsegna-allater-14-appartamenti","status":"publish","type":"post","link":"https:\/\/www.radioluna.it\/news\/2022\/07\/latina-anche-lidromassaggio-nella-casa-popolare-sottratta-ai-de-rosa-la-questura-riconsegna-allater-14-appartamenti\/","title":{"rendered":"Latina, anche l&#8217;idromassaggio nella casa popolare sottratta ai De Rosa: la Questura riconsegna all&#8217;Ater 14 appartamenti"},"content":{"rendered":"<div id=\"fb-root\"><\/div>\n<p style=\"text-align: justify;\"><strong>LATINA &#8211;\u00a0<\/strong> Quattordici alloggi popolari occupati senza titolo sono stati riconsegnati all&#8217;Ater e tra questi uno da 90mq occupato da molto tempo da esponenti della nota famiglia criminale dei De Rosa. Usato come punto di osservazione per controllare dall&#8217;alto l&#8217;arrivo eventuale delle forze dell&#8217;ordine in tutta la zona di Viale Kennedy, era stato ristrutturato, ogni stanza dotata di aria condizionata,\u00a0 in bagno realizzata una vasca a idromassaggio con tanto di scalette interamente rivestita di tessere di mosaico e stucchi al soffitto.<\/p>\n<p style=\"text-align: justify;\">Un momento simbolico quello di oggi al civico 26 di Viale Kennedy, sottolineato da una breve cerimonia che si \u00e8 svolta alla presenza del Questore Spina, del viceprefetto Talani, del Presidente dell&#8217;Ater Marco Fioravante e del direttore della stessa Azienda Paolo Ciampi.<\/p>\n<p style=\"text-align: justify;\">Cos\u00ec, l&#8217;attivit\u00e0 di contrasto al fenomeno delle occupazioni abusive di immobili di propriet\u00e0 di enti pubblici, cominciata ormai alcuni anni fa con un protocollo d&#8217;intesa, continua a dare i suoi frutti sotto la guida del procuratore aggiunto Carlo Lasperanza che nel caso De Rosa ha coordinato le indagini degli investigatori della Questura di Latina e ha poi chiesto e ottenuto dal Giudice per le Indagini Preliminari del Tribunale di Latina\u00a0 Giuseppe Molfese un decreto di sequestro preventivo.<\/p>\n<p style=\"text-align: justify;\">Molti degli occupanti abusivi sono conosciuti alle forze dell&#8217;ordine per i precedenti penali e in alcuni casi sono stati destinatari anche di misure di prevenzione personale e alcune occupazioni andavano avanti da molto tempo, con gli occupanti fermi nel proposito di non lasciare gli appartamenti nonostante le attivit\u00e0 promosse dall\u2019Ater per rientrare in possesso degli alloggi. Ora toccher\u00e0 all&#8217;Ater effettuare i lavori necessari per poi destinarli a chi \u00e8 in possesso dei necessari requisiti, secondo le graduatorie stabilite dal comune di Latina in base alle leggi regionali.<\/p>\n<p style=\"text-align: justify;\">&#8220;La riappropriazione di immobili occupati abusivamente si inserisce in un contesto pi\u00f9 ampio di contrasto a fenomeni criminali che spesso sono collegati alla presenza degli occupanti illegittimi\u00a0 che compromettono e condizionano la sicurezza degli altri condomini e, allo stesso tempo, di attivazione di un circolo virtuoso per il ripristino della legalit\u00e0 in quei territori influenzati da dinamiche disoneste&#8221;, ha sottolineato il Questore Spina.<\/p>\n<p style=\"text-align: justify;\">L&#8217;attivit\u00e0 di sgombero e riconsegna non \u00e8 terminata e anzi proseguir\u00e0 per restituire altri immobili sottratti illegittimamente a cittadini onesti in stato di bisogno che chi ne hanno diritto.<\/p>\n","protected":false},"excerpt":{"rendered":"<p>LATINA &#8211;\u00a0 Quattordici alloggi popolari occupati senza titolo sono stati riconsegnati all&#8217;Ater e tra questi uno da 90mq occupato da molto tempo da esponenti della nota famiglia criminale dei De Rosa. Usato come punto di osservazione per controllare dall&#8217;alto l&#8217;arrivo eventuale delle forze dell&#8217;ordine in tutta la zona di Viale Kennedy, era stato ristrutturato, ogni [&hellip;]<\/p>\n","protected":false},"author":62,"featured_media":314763,"comment_status":"open","ping_status":"open","sticky":false,"template":"","format":"standard","meta":{"footnotes":""},"categories":[7],"tags":[],"class_list":["post-314760","post","type-post","status-publish","format-standard","has-post-thumbnail","hentry","category-cronaca"],"_links":{"self":[{"href":"https:\/\/www.radioluna.it\/news\/wp-json\/wp\/v2\/posts\/314760","targetHints":{"allow":["GET"]}}],"collection":[{"href":"https:\/\/www.radioluna.it\/news\/wp-json\/wp\/v2\/posts"}],"about":[{"href":"https:\/\/www.radioluna.it\/news\/wp-json\/wp\/v2\/types\/post"}],"author":[{"embeddable":true,"href":"https:\/\/www.radioluna.it\/news\/wp-json\/wp\/v2\/users\/62"}],"replies":[{"embeddable":true,"href":"https:\/\/www.radioluna.it\/news\/wp-json\/wp\/v2\/comments?post=314760"}],"version-history":[{"count":0,"href":"https:\/\/www.radioluna.it\/news\/wp-json\/wp\/v2\/posts\/314760\/revisions"}],"wp:featuredmedia":[{"embeddable":true,"href":"https:\/\/www.radioluna.it\/news\/wp-json\/wp\/v2\/media\/314763"}],"wp:attachment":[{"href":"https:\/\/www.radioluna.it\/news\/wp-json\/wp\/v2\/media?parent=314760"}],"wp:term":[{"taxonomy":"category","embeddable":true,"href":"https:\/\/www.radioluna.it\/news\/wp-json\/wp\/v2\/categories?post=314760"},{"taxonomy":"post_tag","embeddable":true,"href":"https:\/\/www.radioluna.it\/news\/wp-json\/wp\/v2\/tags?post=314760"}],"curies":[{"name":"wp","href":"https:\/\/api.w.org\/{rel}","templated":true}]}}