{"id":315050,"date":"2022-07-25T08:39:52","date_gmt":"2022-07-25T06:39:52","guid":{"rendered":"https:\/\/www.radioluna.it\/news\/?p=315050"},"modified":"2022-07-25T08:39:52","modified_gmt":"2022-07-25T06:39:52","slug":"libri-nel-parco-a-sabaudia-arriva-rita-cascella","status":"publish","type":"post","link":"https:\/\/www.radioluna.it\/news\/2022\/07\/libri-nel-parco-a-sabaudia-arriva-rita-cascella\/","title":{"rendered":"Libri nel Parco, a Sabaudia arriva Rita Cascella"},"content":{"rendered":"<div id=\"fb-root\"><\/div>\n<p style=\"text-align: justify;\"><strong>SABAUDIA<\/strong> &#8211; Continua la rassegna Libri nel Parco con Rita Cascella che presenter\u00e0, luned\u00ec 25 luglio alle ore 21:00 presso la corte comunale di Sabaudia, il suo primo romanzo \u201cLa Stirpe di Ramfis\u201d che ha ottenuto un grande successo. Sar\u00e0 intervistata dalla giornalista Licia Pastore. E&#8217; il quinto appuntamento del cartellone promosso dall&#8217;Associazione Sabaudia Culturando.<br \/>\nRita Cascella ha vissuto la sua giovinezza a Sabaudia. Laureata in Giurisprudenza, a venticinque anni ha vinto il concorso per commissario della Polizia di Stato. Ha sempre alternato incarichi operativi con ulteriori studi universitari, conseguendo anche le lauree in Archivista Paleografo e in Scienze delle Pubbliche Amministrazioni. Attualmente \u00e8 vicario del questore in una provincia veneta. La Stirpe di Ramfis \u00e8 il suo primo romanzo.<\/p>\n<p style=\"text-align: justify;\">\nIl sesto appuntamento si svolger\u00e0 mercoled\u00ec 27 luglio alle ore 21:00 con Franco Brugnola che presenter\u00e0 il suo libro \u201cManuela per le case della salute\u201d e dialogher\u00e0 con la giornalista Graziella Di<br \/>\nMambro.<\/p>\n","protected":false},"excerpt":{"rendered":"<p>SABAUDIA &#8211; Continua la rassegna Libri nel Parco con Rita Cascella che presenter\u00e0, luned\u00ec 25 luglio alle ore 21:00 presso la corte comunale di Sabaudia, il suo primo romanzo \u201cLa Stirpe di Ramfis\u201d che ha ottenuto un grande successo. Sar\u00e0 intervistata dalla giornalista Licia Pastore. E&#8217; il quinto appuntamento del cartellone promosso dall&#8217;Associazione Sabaudia Culturando. [&hellip;]<\/p>\n","protected":false},"author":62,"featured_media":315051,"comment_status":"open","ping_status":"open","sticky":false,"template":"","format":"standard","meta":{"footnotes":""},"categories":[735],"tags":[],"class_list":["post-315050","post","type-post","status-publish","format-standard","has-post-thumbnail","hentry","category-attualita"],"_links":{"self":[{"href":"https:\/\/www.radioluna.it\/news\/wp-json\/wp\/v2\/posts\/315050","targetHints":{"allow":["GET"]}}],"collection":[{"href":"https:\/\/www.radioluna.it\/news\/wp-json\/wp\/v2\/posts"}],"about":[{"href":"https:\/\/www.radioluna.it\/news\/wp-json\/wp\/v2\/types\/post"}],"author":[{"embeddable":true,"href":"https:\/\/www.radioluna.it\/news\/wp-json\/wp\/v2\/users\/62"}],"replies":[{"embeddable":true,"href":"https:\/\/www.radioluna.it\/news\/wp-json\/wp\/v2\/comments?post=315050"}],"version-history":[{"count":0,"href":"https:\/\/www.radioluna.it\/news\/wp-json\/wp\/v2\/posts\/315050\/revisions"}],"wp:featuredmedia":[{"embeddable":true,"href":"https:\/\/www.radioluna.it\/news\/wp-json\/wp\/v2\/media\/315051"}],"wp:attachment":[{"href":"https:\/\/www.radioluna.it\/news\/wp-json\/wp\/v2\/media?parent=315050"}],"wp:term":[{"taxonomy":"category","embeddable":true,"href":"https:\/\/www.radioluna.it\/news\/wp-json\/wp\/v2\/categories?post=315050"},{"taxonomy":"post_tag","embeddable":true,"href":"https:\/\/www.radioluna.it\/news\/wp-json\/wp\/v2\/tags?post=315050"}],"curies":[{"name":"wp","href":"https:\/\/api.w.org\/{rel}","templated":true}]}}