{"id":315154,"date":"2022-07-26T13:37:26","date_gmt":"2022-07-26T11:37:26","guid":{"rendered":"https:\/\/www.radioluna.it\/news\/?p=315154"},"modified":"2022-07-26T13:37:26","modified_gmt":"2022-07-26T11:37:26","slug":"a-sabaudia-in-scena-racconta-mi-con-i-ragazzi-della-diaphora","status":"publish","type":"post","link":"https:\/\/www.radioluna.it\/news\/2022\/07\/a-sabaudia-in-scena-racconta-mi-con-i-ragazzi-della-diaphora\/","title":{"rendered":"A Sabaudia in scena Racconta-mi con i ragazzi della Diaphor\u00e0"},"content":{"rendered":"<div id=\"fb-root\"><\/div>\n<p style=\"text-align: justify;\"><strong>SABAUDIA<\/strong> &#8211; Stasera a <strong>Sabaudia<\/strong> (<strong>marted\u00ec 26 luglio alle ore 21)<\/strong> per la rassegna <strong>&#8220;Il Parco e la Commedia&#8221;<\/strong> nella cavea della Direzione del Parco Nazionale del Circeo c&#8217;\u00e8 <strong>Racconta-mi<\/strong> spettacolo che vedr\u00e0 in scena i ragazzi della <strong>Diaphor\u00e0 di Latina diretti da Roberto D&#8217;Alonzo<\/strong>. Per loro, un debutto.<\/p>\n<p style=\"text-align: justify;\">&#8220;<strong>Grazie all\u2019efficacia del teatro<\/strong>, della scrittura e delle arti pi\u00f9 in generale &#8211; spiega in una nota l&#8217;associazione presieduta da <strong>Bruno Mucci<\/strong>, nata per favorire l&#8217;inclusione sociale e i processi di autonomia dei giovani con disabilit\u00e0 &#8211; <strong>i nostri ragazzi hanno potuto dar forma, voce e gesto ai loro pensieri, sogni e speranze.<\/strong> Una importante testimonianza dell\u2019efficacia e del beneficio dell\u2019arte e del teatro, che accolta e utilizzate per una ricerca profonda di se, pu\u00f2 restituire una grande fonte di benessere, dalla quale attingere, per far fronte ai propri bisogni e alle proprie difficolt\u00e0&#8221;.<\/p>\n<p style=\"text-align: justify;\"><strong>LO SPETTACOLO\u00a0<\/strong> &#8211;\u00a0 Lo spettacolo \u00e8 un viaggio tra emozioni, ricordi, sensazioni, uno spettacolo che prende forma dai corpi degli attori, che in costante movimento, saranno in grado di aprire scenari diversi ed affrontare alcuni dei grandi temi della vita. Nato dai singoli vissuti dei protagonisti, \u201cRacconta-mi\u201d restituisce una drammaturgia diretta ed essenziale, in grado di emozionare lo spettatore, accompagnandolo con delicatezza e poesia a riflettere profondamente sul valore della semplicit\u00e0. &#8220;I ricordi formano la nostra vita, dal momento in cui nasciamo, ogni istante che passa \u00e8 gi\u00e0 un ricordo. Cos\u2019\u00e8 l\u2019Amore? E l\u2019amicizia? Quando mi sento accolto? E accettato? Questi sono alcuni dei temi fondamentali che hanno accompagnato il percorso per la realizzazione e messa in scena dello spettacolo&#8221;, spiegano dalla Diaphor\u00e0.<br \/>\n<strong>Le musiche originali di &#8220;Racconta-mi&#8221; sono state scritte da Gianni Siragusa.<\/strong><\/p>\n","protected":false},"excerpt":{"rendered":"<p>SABAUDIA &#8211; Stasera a Sabaudia (marted\u00ec 26 luglio alle ore 21) per la rassegna &#8220;Il Parco e la Commedia&#8221; nella cavea della Direzione del Parco Nazionale del Circeo c&#8217;\u00e8 Racconta-mi spettacolo che vedr\u00e0 in scena i ragazzi della Diaphor\u00e0 di Latina diretti da Roberto D&#8217;Alonzo. Per loro, un debutto. &#8220;Grazie all\u2019efficacia del teatro, della scrittura [&hellip;]<\/p>\n","protected":false},"author":62,"featured_media":315155,"comment_status":"open","ping_status":"open","sticky":false,"template":"","format":"standard","meta":{"footnotes":""},"categories":[16],"tags":[],"class_list":["post-315154","post","type-post","status-publish","format-standard","has-post-thumbnail","hentry","category-appuntamenti"],"_links":{"self":[{"href":"https:\/\/www.radioluna.it\/news\/wp-json\/wp\/v2\/posts\/315154","targetHints":{"allow":["GET"]}}],"collection":[{"href":"https:\/\/www.radioluna.it\/news\/wp-json\/wp\/v2\/posts"}],"about":[{"href":"https:\/\/www.radioluna.it\/news\/wp-json\/wp\/v2\/types\/post"}],"author":[{"embeddable":true,"href":"https:\/\/www.radioluna.it\/news\/wp-json\/wp\/v2\/users\/62"}],"replies":[{"embeddable":true,"href":"https:\/\/www.radioluna.it\/news\/wp-json\/wp\/v2\/comments?post=315154"}],"version-history":[{"count":0,"href":"https:\/\/www.radioluna.it\/news\/wp-json\/wp\/v2\/posts\/315154\/revisions"}],"wp:featuredmedia":[{"embeddable":true,"href":"https:\/\/www.radioluna.it\/news\/wp-json\/wp\/v2\/media\/315155"}],"wp:attachment":[{"href":"https:\/\/www.radioluna.it\/news\/wp-json\/wp\/v2\/media?parent=315154"}],"wp:term":[{"taxonomy":"category","embeddable":true,"href":"https:\/\/www.radioluna.it\/news\/wp-json\/wp\/v2\/categories?post=315154"},{"taxonomy":"post_tag","embeddable":true,"href":"https:\/\/www.radioluna.it\/news\/wp-json\/wp\/v2\/tags?post=315154"}],"curies":[{"name":"wp","href":"https:\/\/api.w.org\/{rel}","templated":true}]}}