{"id":315186,"date":"2022-07-27T12:07:53","date_gmt":"2022-07-27T10:07:53","guid":{"rendered":"https:\/\/www.radioluna.it\/news\/?p=315186"},"modified":"2022-07-27T12:07:53","modified_gmt":"2022-07-27T10:07:53","slug":"e-luca-di-franco-il-nuovo-presidente-dellordine-degli-ingegneri-della-provincia-di-latina","status":"publish","type":"post","link":"https:\/\/www.radioluna.it\/news\/2022\/07\/e-luca-di-franco-il-nuovo-presidente-dellordine-degli-ingegneri-della-provincia-di-latina\/","title":{"rendered":"E&#8217; Luca Di Franco il nuovo presidente dell&#8217;Ordine degli Ingegneri della provincia di Latina"},"content":{"rendered":"<div id=\"fb-root\"><\/div>\n<p style=\"text-align: justify;\"><strong>LATINA &#8211;<\/strong> Cambio al vertice dell\u2019Ordine degli Ingegneri della provincia di Latina: \u00e8 <strong>Luca Di Franco<\/strong> il nuovo presidente degli ingegneri pontini. Gi\u00e0 consigliere nel precedente mandato, l\u2019ing. di Franco guider\u00e0 l\u2019ordine professionale per i prossimi quattro anni, fino al 2026.<\/p>\n<p style=\"text-align: justify;\">La nomina arriva ad esito delle votazioni tenute il 15 e 16 giugno 2022 ed \u00e8 stata ratificata lo scorso 15 luglio, nella seduta di insediamento del nuovo Consiglio Direttivo dell\u2019Ordine per il quadriennio 2022-2026. Di Franco, designato al timone della squadra degli ingegneri di Latina all\u2019unanimit\u00e0, subentra all\u2019ing. Giovanni Andrea Pol, non pi\u00f9 candidabile per aver svolto due mandati consecutivi.<\/p>\n<p style=\"text-align: justify;\"><strong>Gli ingegneri Antonio Ficarola, Enrico Ferracci e Paolo Rossi sono stati eletti rispettivamente al ruolo di vicepresidente, segretario e tesoriere dell\u2019Ordine<\/strong>. Fanno parte del nuovo Consiglio, e<strong>letti alla carica di consiglieri, anche gli ingegneri Francesca Bertone, Alessandra Cappelli, Luciana D\u2019Ascanio, Stefano Fabietti, Roberto Perez, Paola Pericoli, Maurizio Proietti, Fabio Russo, Nadia Scorretti, Giuseppe Viglialoro ed Ernesto Grimelli<\/strong>.<\/p>\n<p style=\"text-align: justify;\">\u00abUn Consiglio in gran parte rinnovato, ma che si pone in continuit\u00e0 con il precedente i cui componenti \u00e8 doveroso ringraziare per l\u2019impegno profuso, per l\u2019esperienza e la professionalit\u00e0 messe al servizio degli enti e del territorio\u00bb dichiara il nuovo presidente dell\u2019Ordine. \u00abGli ultimi anni &#8211; sottolinea di Franco &#8211; sono stati caratterizzati da complesse criticit\u00e0 che hanno disorientato le nostre certezze e il nostro modo di lavorare: criticit\u00e0 dovute alla pandemia, alla recente crisi energetica, ai forti scompensi dei prodotti e del fragile mercato delle materie prime, al pericolo sempre pi\u00f9 incombente di emergenze ambientali e climatiche. Credo fermamente &#8211; continua di Franco &#8211; che noi ingegneri possiamo fornire, a livello locale e nazionale, un significativo contributo alle politiche che le istituzioni metteranno in campo per far fronte a queste criticit\u00e0. La nostra categoria, infatti, sar\u00e0 determinante per la ripresa del Paese e dei nostri territori, in particolare nella gestione delle risorse fornite dal PNRR, nella transizione digitale, nella programmazione e realizzazione delle grandi opere, nella trasformazione energetica ed ecologica, tutti temi che prevedono un forte impegno dell\u2019Ingegneria. In tutto ci\u00f2 l\u2019Ordine ha un ruolo assai importante e il nostro Consiglio vuole svolgere il proprio compito sul territorio con spirito di servizio, competenza, lucidit\u00e0, efficacia e visione d\u2019insieme, per affrontare al meglio queste sfide\u00bb.<\/p>\n<p style=\"text-align: justify;\">\u00abProseguiranno e si intensificheranno la collaborazione e il confronto costruttivo e positivo con le istituzioni territoriali &#8211; spiega di Franco &#8211; rafforzando nelle stesse la presenza e il contributo<br \/>\ndell\u2019Ordine grazie al coinvolgimento delle Commissioni tematiche, ai protocolli d\u2019intesa in essere e a quelli che saranno istituiti ex novo. Ci proponiamo di implementare il percorso formativo nei vari settori dell\u2019ingegneria, garantendo un aggiornamento costante delle conoscenze tecniche, a partire dall\u2019innovazione e guardando a modelli sempre pi\u00f9 evoluti e moderni sotto il profilo progettuale, metodologico e operativo. Inoltre, l\u2019Ordine vuole fin da subito promuovere ogni iniziativa volta a sostenere l\u2019attivit\u00e0 degli ingegneri sia quando esercitata in forma libero professionale, sia quando svolta in forma dipendente nel settore pubblico o privato, valorizzando e accrescendo soprattutto le competenze dei colleghi pi\u00f9 giovani; il tutto intensificando sia i rapporti con le Universit\u00e0 e le Facolt\u00e0 di Ingegneria, sia i collegamenti con le organizzazioni settoriali e le imprese del territorio, con un coinvolgimento sempre maggiore delle diverse competenze degli iscritti al nostro Ordine\u00bb.<\/p>\n","protected":false},"excerpt":{"rendered":"<p>LATINA &#8211; Cambio al vertice dell\u2019Ordine degli Ingegneri della provincia di Latina: \u00e8 Luca Di Franco il nuovo presidente degli ingegneri pontini. Gi\u00e0 consigliere nel precedente mandato, l\u2019ing. di Franco guider\u00e0 l\u2019ordine professionale per i prossimi quattro anni, fino al 2026. La nomina arriva ad esito delle votazioni tenute il 15 e 16 giugno 2022 [&hellip;]<\/p>\n","protected":false},"author":60,"featured_media":315187,"comment_status":"open","ping_status":"open","sticky":false,"template":"","format":"standard","meta":{"footnotes":""},"categories":[735],"tags":[],"class_list":["post-315186","post","type-post","status-publish","format-standard","has-post-thumbnail","hentry","category-attualita"],"_links":{"self":[{"href":"https:\/\/www.radioluna.it\/news\/wp-json\/wp\/v2\/posts\/315186","targetHints":{"allow":["GET"]}}],"collection":[{"href":"https:\/\/www.radioluna.it\/news\/wp-json\/wp\/v2\/posts"}],"about":[{"href":"https:\/\/www.radioluna.it\/news\/wp-json\/wp\/v2\/types\/post"}],"author":[{"embeddable":true,"href":"https:\/\/www.radioluna.it\/news\/wp-json\/wp\/v2\/users\/60"}],"replies":[{"embeddable":true,"href":"https:\/\/www.radioluna.it\/news\/wp-json\/wp\/v2\/comments?post=315186"}],"version-history":[{"count":0,"href":"https:\/\/www.radioluna.it\/news\/wp-json\/wp\/v2\/posts\/315186\/revisions"}],"wp:featuredmedia":[{"embeddable":true,"href":"https:\/\/www.radioluna.it\/news\/wp-json\/wp\/v2\/media\/315187"}],"wp:attachment":[{"href":"https:\/\/www.radioluna.it\/news\/wp-json\/wp\/v2\/media?parent=315186"}],"wp:term":[{"taxonomy":"category","embeddable":true,"href":"https:\/\/www.radioluna.it\/news\/wp-json\/wp\/v2\/categories?post=315186"},{"taxonomy":"post_tag","embeddable":true,"href":"https:\/\/www.radioluna.it\/news\/wp-json\/wp\/v2\/tags?post=315186"}],"curies":[{"name":"wp","href":"https:\/\/api.w.org\/{rel}","templated":true}]}}