{"id":315189,"date":"2022-07-27T12:11:48","date_gmt":"2022-07-27T10:11:48","guid":{"rendered":"https:\/\/www.radioluna.it\/news\/?p=315189"},"modified":"2022-08-03T14:06:52","modified_gmt":"2022-08-03T12:06:52","slug":"__trashed-6","status":"publish","type":"post","link":"https:\/\/www.radioluna.it\/news\/2022\/07\/__trashed-6\/","title":{"rendered":"Mister Italia, c&#8217;\u00e8 anche un ragazzo di Latina: \u00e8 Angelo Von Gunten"},"content":{"rendered":"<div id=\"fb-root\"><\/div>\n<p style=\"text-align: justify;\"><strong>LATINA<\/strong> &#8211; C\u2019\u00e8 anche un ragazzo ventenne di Latina tra i prefinalisti nazionali in corsa per il titolo di Mister Italia 2022, il\u00a0 concorso di bellezza promosso da patron Claudio Marastoni e trampolino di lancio in passato per Raffaello Balzo, Paolo Crivellin, Luciano Punzo e Luca Onestini.<\/p>\n<p style=\"text-align: justify;\">Angelo Von Gunten, 1,85 di altezza, con l\u2019ambizione di sfondare nel mondo dello spettacolo come attore o fotomodello, sar\u00e0 a Giulianova (TE) marted\u00ec 2 e mercoled\u00ec 3 agosto per disputare le prefinali nazionali insieme ad altri 90 contendenti provenienti da tutta Italia.<\/p>\n<p style=\"text-align: justify;\">Soltanto i migliori 40, per\u00f2, si giocheranno l\u2019ambito scettro di Mister Italia (finito lo scorso anno nelle mani del siciliano Joseph Lantillo) che verr\u00e0 messo in palio nella serata di sabato 6 agosto sul palcoscenico di piazza della Rinascita a Pescara nella serata conclusiva condotta da Jo Squillo.<\/p>\n<p style=\"text-align: justify;\">Per seguire l\u2019avventura in terra abruzzese di Angelo Von Gunten basta collegarsi ai canali social (Fb e IG): @concorsomisteritalia.<\/p>\n","protected":false},"excerpt":{"rendered":"<p>LATINA &#8211; C\u2019\u00e8 anche un ragazzo ventenne di Latina tra i prefinalisti nazionali in corsa per il titolo di Mister Italia 2022, il\u00a0 concorso di bellezza promosso da patron Claudio Marastoni e trampolino di lancio in passato per Raffaello Balzo, Paolo Crivellin, Luciano Punzo e Luca Onestini. Angelo Von Gunten, 1,85 di altezza, con l\u2019ambizione [&hellip;]<\/p>\n","protected":false},"author":60,"featured_media":315193,"comment_status":"open","ping_status":"open","sticky":false,"template":"","format":"standard","meta":{"footnotes":""},"categories":[735],"tags":[],"class_list":["post-315189","post","type-post","status-publish","format-standard","has-post-thumbnail","hentry","category-attualita"],"_links":{"self":[{"href":"https:\/\/www.radioluna.it\/news\/wp-json\/wp\/v2\/posts\/315189","targetHints":{"allow":["GET"]}}],"collection":[{"href":"https:\/\/www.radioluna.it\/news\/wp-json\/wp\/v2\/posts"}],"about":[{"href":"https:\/\/www.radioluna.it\/news\/wp-json\/wp\/v2\/types\/post"}],"author":[{"embeddable":true,"href":"https:\/\/www.radioluna.it\/news\/wp-json\/wp\/v2\/users\/60"}],"replies":[{"embeddable":true,"href":"https:\/\/www.radioluna.it\/news\/wp-json\/wp\/v2\/comments?post=315189"}],"version-history":[{"count":0,"href":"https:\/\/www.radioluna.it\/news\/wp-json\/wp\/v2\/posts\/315189\/revisions"}],"wp:featuredmedia":[{"embeddable":true,"href":"https:\/\/www.radioluna.it\/news\/wp-json\/wp\/v2\/media\/315193"}],"wp:attachment":[{"href":"https:\/\/www.radioluna.it\/news\/wp-json\/wp\/v2\/media?parent=315189"}],"wp:term":[{"taxonomy":"category","embeddable":true,"href":"https:\/\/www.radioluna.it\/news\/wp-json\/wp\/v2\/categories?post=315189"},{"taxonomy":"post_tag","embeddable":true,"href":"https:\/\/www.radioluna.it\/news\/wp-json\/wp\/v2\/tags?post=315189"}],"curies":[{"name":"wp","href":"https:\/\/api.w.org\/{rel}","templated":true}]}}