{"id":315199,"date":"2022-07-27T12:31:54","date_gmt":"2022-07-27T10:31:54","guid":{"rendered":"https:\/\/www.radioluna.it\/news\/?p=315199"},"modified":"2022-07-27T12:31:54","modified_gmt":"2022-07-27T10:31:54","slug":"la-sapienza-inaugura-il-centro-antiviolenza","status":"publish","type":"post","link":"https:\/\/www.radioluna.it\/news\/2022\/07\/la-sapienza-inaugura-il-centro-antiviolenza\/","title":{"rendered":"La Sapienza inaugura il Centro Antiviolenza"},"content":{"rendered":"<div id=\"fb-root\"><\/div>\n<p style=\"text-align: justify;\">E&#8217; stato inaugurato oggi a Roma presso i locali di via dello Scalo San Lorenzo 61\/B il primo Centro antiviolenza di Sapienza Universit\u00e0 di Roma, alla presenza della Rettrice Antonella Polimeni, del presidente della Regione Lazio Nicola Zingaretti, dell\u2019assessora regionale all\u2019Agricoltura, Foreste, Promozione della Filiera e della Cultura del Cibo, Pari Opportunit\u00e0, Enrica Onorati dell\u2019assessore regionale allo Sviluppo Economico, Commercio e Artigianato, Universit\u00e0, Ricerca, Startup e Innovazione Paolo Orneli, del presidente DiSco Lazio Alessio Pontillo e della presidente del Telefono Rosa Maria Gabriella Cernieri Moscatelli.<\/p>\n<p style=\"text-align: justify;\">Il centro antiviolenza sar\u00e0 attivo da oggi, mercoled\u00ec 27 luglio e garantir\u00e0, a titolo gratuito, i servizi di :<\/p>\n<p style=\"text-align: justify;\">\u00a0Ascolto con colloqui telefonici e preliminari per individuare i bisogni e le emergenze, fornendo il primo supporto;<\/p>\n<p style=\"text-align: justify;\">\u00a0Accoglienza per garantire protezione e accoglienza gratuita alle donne vittime di violenza;<\/p>\n<p style=\"text-align: justify;\">\u00a0Assistenza psicologica con sostegno psicologico individuale o in gruppi di mutuo aiuto anche in collaborazione con le strutture ospedaliere e i servizi territoriali;<\/p>\n<p style=\"text-align: justify;\">Supporto ai figli e alle figlie minori vittime di violenza assistita;<\/p>\n<p style=\"text-align: justify;\">\u00a0Orientamento al lavoro;<\/p>\n<p style=\"text-align: justify;\">\u00a0Orientamento all\u2019autonomia;<\/p>\n<p style=\"text-align: justify;\">\u00a0Assicurare collegamenti con le case rifugio e altri centri antiviolenza e con le istituzioni;<\/p>\n<p style=\"text-align: justify;\">\u00a0Percorso di uscita dalla violenza.<\/p>\n<p style=\"text-align: justify;\">\u201cIl Centro che abbiamo inaugurato \u2013 ha dichiarato la rettrice\u00a0Antonella Polimeni\u00a0\u2013 rappresenta il raggiungimento di un obiettivo e al contempo un passo in avanti nella lotta contro ogni forma di violenza e di discriminazione, in particolar modo in un quartiere complesso come quello di San Lorenzo. Lo abbiamo fortemente voluto come Comunit\u00e0 universitaria perch\u00e9 esso \u00e8 parte integrante della mission di Sapienza volta a promuovere una societ\u00e0 sempre pi\u00f9 equa e inclusiva\u201d.<img loading=\"lazy\" decoding=\"async\" class=\"wp-image-315201 alignright\" src=\"https:\/\/www.radioluna.it\/news\/wp-content\/uploads\/2022\/07\/centro-antivilenza.jpg\" alt=\"\" width=\"363\" height=\"242\" srcset=\"https:\/\/www.radioluna.it\/news\/wp-content\/uploads\/2022\/07\/centro-antivilenza.jpg 1920w, https:\/\/www.radioluna.it\/news\/wp-content\/uploads\/2022\/07\/centro-antivilenza-768x512.jpg 768w, https:\/\/www.radioluna.it\/news\/wp-content\/uploads\/2022\/07\/centro-antivilenza-1536x1023.jpg 1536w, https:\/\/www.radioluna.it\/news\/wp-content\/uploads\/2022\/07\/centro-antivilenza-600x400.jpg 600w, https:\/\/www.radioluna.it\/news\/wp-content\/uploads\/2022\/07\/centro-antivilenza-270x180.jpg 270w\" sizes=\"auto, (max-width: 363px) 100vw, 363px\" \/><\/p>\n<p>\u201cCon l\u2019inaugurazione del centro antiviolenza di Sapienza Universit\u00e0 di Roma completiamo il primo ciclo di aperture presso gli atenei del Lazio. I centri antiviolenza presso le universit\u00e0 rappresentano un tassello importante per dare ulteriore forza alla rete regionale che lavora per il contrasto alla violenza di genere\u201d ha dichiarato il presidente della Regione Lazio\u00a0Nicola Zingaretti.<\/p>\n<p>\u201cLa Regione Lazio, gli atenei del Lazio, le associazioni che ogni giorno si battono sul nostro territorio e tutta la comunit\u00e0 universitaria e cittadina si ritrovano cos\u00ec uniti per dare risposte e strumenti concreti a tutte le donne che subiscono violenza e che sono alla ricerca di aiuto e di luoghi sicuri dove poterlo trovare\u201d hanno dichiarato l\u2019assessora regionale all\u2019Agricoltura, Foreste, Promozione della Filiera e della Cultura del Cibo, Pari Opportunit\u00e0,\u00a0Enrica Onorati\u00a0e l\u2019assessore regionale allo Sviluppo Economico, Commercio e Artigianato, Universit\u00e0, Ricerca, Startup e Innovazione,\u00a0Paolo Orneli.<\/p>\n<p>\u201cL\u2019apertura di un centro antiviolenza alla Sapienza- ha dichiarato la presidente del Telefono Rosa,\u00a0Maria Gabriella Carnieri Moscatelli\u00a0&#8211; avr\u00e0 un forte impatto nella lotta alla violenza di genere. Sar\u00e0 un punto di riferimento per le giovani donne che hanno bisogno di aiuto e supporto. Soprattutto ora, che la violenza tra i giovani \u00e8 in continua crescita, \u00e8 essenziale avvicinarli nei luoghi che frequentano abitualmente. La nostra presenza in un ateneo cos\u00ec importante e in un quartiere meta di tante ragazze \u00e8 un passo fondamentale\u201d<\/p>\n<p>&nbsp;<\/p>\n","protected":false},"excerpt":{"rendered":"<p>E&#8217; stato inaugurato oggi a Roma presso i locali di via dello Scalo San Lorenzo 61\/B il primo Centro antiviolenza di Sapienza Universit\u00e0 di Roma, alla presenza della Rettrice Antonella Polimeni, del presidente della Regione Lazio Nicola Zingaretti, dell\u2019assessora regionale all\u2019Agricoltura, Foreste, Promozione della Filiera e della Cultura del Cibo, Pari Opportunit\u00e0, Enrica Onorati dell\u2019assessore [&hellip;]<\/p>\n","protected":false},"author":62,"featured_media":315200,"comment_status":"open","ping_status":"open","sticky":false,"template":"","format":"standard","meta":{"footnotes":""},"categories":[735],"tags":[],"class_list":["post-315199","post","type-post","status-publish","format-standard","has-post-thumbnail","hentry","category-attualita"],"_links":{"self":[{"href":"https:\/\/www.radioluna.it\/news\/wp-json\/wp\/v2\/posts\/315199","targetHints":{"allow":["GET"]}}],"collection":[{"href":"https:\/\/www.radioluna.it\/news\/wp-json\/wp\/v2\/posts"}],"about":[{"href":"https:\/\/www.radioluna.it\/news\/wp-json\/wp\/v2\/types\/post"}],"author":[{"embeddable":true,"href":"https:\/\/www.radioluna.it\/news\/wp-json\/wp\/v2\/users\/62"}],"replies":[{"embeddable":true,"href":"https:\/\/www.radioluna.it\/news\/wp-json\/wp\/v2\/comments?post=315199"}],"version-history":[{"count":0,"href":"https:\/\/www.radioluna.it\/news\/wp-json\/wp\/v2\/posts\/315199\/revisions"}],"wp:featuredmedia":[{"embeddable":true,"href":"https:\/\/www.radioluna.it\/news\/wp-json\/wp\/v2\/media\/315200"}],"wp:attachment":[{"href":"https:\/\/www.radioluna.it\/news\/wp-json\/wp\/v2\/media?parent=315199"}],"wp:term":[{"taxonomy":"category","embeddable":true,"href":"https:\/\/www.radioluna.it\/news\/wp-json\/wp\/v2\/categories?post=315199"},{"taxonomy":"post_tag","embeddable":true,"href":"https:\/\/www.radioluna.it\/news\/wp-json\/wp\/v2\/tags?post=315199"}],"curies":[{"name":"wp","href":"https:\/\/api.w.org\/{rel}","templated":true}]}}