{"id":315204,"date":"2022-07-27T12:39:17","date_gmt":"2022-07-27T10:39:17","guid":{"rendered":"https:\/\/www.radioluna.it\/news\/?p=315204"},"modified":"2022-07-27T12:39:17","modified_gmt":"2022-07-27T10:39:17","slug":"chitarra-ad-agosto-il-caroso-festival-tra-sermoneta-e-lanuvio","status":"publish","type":"post","link":"https:\/\/www.radioluna.it\/news\/2022\/07\/chitarra-ad-agosto-il-caroso-festival-tra-sermoneta-e-lanuvio\/","title":{"rendered":"Chitarra, ad agosto il Caroso Festival tra Sermoneta e Lanuvio"},"content":{"rendered":"<div id=\"fb-root\"><\/div>\n<p style=\"text-align: justify;\"><strong> SERMONETA<\/strong> &#8211; Il Caroso Festival si appresta a festeggiare la ventisettesima edizione proponendo alcuni dei nomi pi\u00f9 importanti della seicorde in quella che pu\u00f2 essere considerata la rassegna dedicata alla chitarra tra le pi\u00f9 longeve a livello mondiale. Quattro le date da segnarsi in agenda: gioved\u00ec 4, venerd\u00ec 5, sabato 6 e domenica 7 agosto, come sempre in differenti location. Perch\u00e9, la bellezza del Caroso Festival, \u00e8 quella di offrire le molteplici espressioni della chitarra in alcune delle pi\u00f9 belle e storiche strutture dei territori di Sermoneta e Lanuvio, grazie ad alcuni dei giovani autori e pi\u00f9 esperti interpreti, sia italiani che provenienti dall&#8217;estero. Ogni performance sar\u00e0 ad ingresso gratuito ma limitata a un numero di persone, massimo 50.<\/p>\n<p style=\"text-align: justify;\">Ad aprire la rassegna gioved\u00ec 4 agosto alle ore 21 presso il Bastione San Sebastiano a Sermoneta sar\u00e0 un duo tutto al femminile composto dalla chitarrista Yvonne Zehner e dalla cantante Theresia Bothe, la prima tedesca,\u00a0 la seconda\u00a0 nata e cresciuta in Canada da mamma irlandese e pap\u00e0 tedesco. Un mix internazionale alla base della loro performance durante la quale presenteranno musiche loro e di altri autori, ma comunque interpretate attraverso una prospettiva personale con molte influenze mediterranee come omaggio all\u2019Italia. La volont\u00e0 \u00e8 di passare dalla musica classica a quella tradizionale in una coesistenza coerente, libera ed espressiva.\u00a0 Venerd\u00ec 5 agosto ci si sposter\u00e0 al Teatro Comunale di Don Bosco a Lanuvio quando dalle 21 l\u2019attenzione sar\u00e0 tutta per Alfredo Muro, chitarrista peruviano, tra i pi\u00f9 celebri virtuosi e ambasciatore della musica sudamericana. Ospite fisso dei pi\u00f9 importanti festival chitarristici internazionali con all\u2019attivo ben otto produzioni discografiche, Muro porter\u00e0 nel Belpaese musiche ispirate proprio dalla sua terra d\u2019origine in una sorta di viaggio lungo i territori pi\u00f9 amati del Sudamerica. Sabato 6 agosto si torner\u00e0 a Sermoneta presso la Chiesa San Michele Arcangelo quando dalle ore 21 sar\u00e0 il giovane Jacopo Rizzardi a catturare l\u2019attenzione del pubblico. Diplomatosi con il massimo dei voti presso il Conservatorio \u201cLorenzo Perosi\u201d di Campobasso, si \u00e8 poi classificato in diversi concorsi nazionali ed internazionali vincendo vari primi premi. Attualmente \u00e8 docente di chitarra classica presso la Scuola Comunale di Musica \u201cPierino Mignogna\u201d di Riccia e presso l\u2019Accademia musicale \u201cCiak Groove Music\u201d di Campobasso. Il suo sar\u00e0 un repertorio che spazier\u00e0 tra il classico e il contemporaneo condividendo tutta la freschezza della sua giovane et\u00e0 col pubblico presente. La chiusura di domenica 7 agosto, sempre dalle ore 21 e sempre presso la Chiesa San Michele Arcangelo di Sermoneta, sar\u00e0 affidata a Tiziano Cerbara e Michele Di Filippo. Il duo nasce dall\u2019incontro dei due musicisti, clarinettista il primo, chitarrista il secondo, accomunati dall\u2019intento di proporre un repertorio attingendo ad arrangiamenti ideati dai due artisti, unendo una ricerca di musica originale scritta per questa particolare formazione per rinnovare l\u2019interesse verso sia la chitarra che al clarinetto, ispirandosi alle nuove generazioni.<\/p>\n<p style=\"text-align: justify;\">La rassegna \u00e8 come sempre ideata e diretta dal maestro Stefano Raponi il quale si avvale del patrocinio dei comuni Citt\u00e0 di Sermoneta e Lanuvio, con il supporto degli sponsor Officine Ceccacci, Oc Progetti, Aurora Medieval House e Oriental Flowers. \u00a0Per avere ulteriori informazioni sulla manifestazione si pu\u00f2 visitare il sito ufficiale www.carosofestival.it \u00a0mentre per prenotazione dei posti gratuiti si pu\u00f2 inviare una email info@carosofestival.it\u00a0 o un messaggio whatsapp al numero 3282729468.<\/p>\n<p style=\"text-align: justify;\">\n","protected":false},"excerpt":{"rendered":"<p>SERMONETA &#8211; Il Caroso Festival si appresta a festeggiare la ventisettesima edizione proponendo alcuni dei nomi pi\u00f9 importanti della seicorde in quella che pu\u00f2 essere considerata la rassegna dedicata alla chitarra tra le pi\u00f9 longeve a livello mondiale. Quattro le date da segnarsi in agenda: gioved\u00ec 4, venerd\u00ec 5, sabato 6 e domenica 7 agosto, [&hellip;]<\/p>\n","protected":false},"author":60,"featured_media":315205,"comment_status":"open","ping_status":"open","sticky":false,"template":"","format":"gallery","meta":{"footnotes":""},"categories":[735],"tags":[],"class_list":["post-315204","post","type-post","status-publish","format-gallery","has-post-thumbnail","hentry","category-attualita","post_format-post-format-gallery"],"_links":{"self":[{"href":"https:\/\/www.radioluna.it\/news\/wp-json\/wp\/v2\/posts\/315204","targetHints":{"allow":["GET"]}}],"collection":[{"href":"https:\/\/www.radioluna.it\/news\/wp-json\/wp\/v2\/posts"}],"about":[{"href":"https:\/\/www.radioluna.it\/news\/wp-json\/wp\/v2\/types\/post"}],"author":[{"embeddable":true,"href":"https:\/\/www.radioluna.it\/news\/wp-json\/wp\/v2\/users\/60"}],"replies":[{"embeddable":true,"href":"https:\/\/www.radioluna.it\/news\/wp-json\/wp\/v2\/comments?post=315204"}],"version-history":[{"count":0,"href":"https:\/\/www.radioluna.it\/news\/wp-json\/wp\/v2\/posts\/315204\/revisions"}],"wp:featuredmedia":[{"embeddable":true,"href":"https:\/\/www.radioluna.it\/news\/wp-json\/wp\/v2\/media\/315205"}],"wp:attachment":[{"href":"https:\/\/www.radioluna.it\/news\/wp-json\/wp\/v2\/media?parent=315204"}],"wp:term":[{"taxonomy":"category","embeddable":true,"href":"https:\/\/www.radioluna.it\/news\/wp-json\/wp\/v2\/categories?post=315204"},{"taxonomy":"post_tag","embeddable":true,"href":"https:\/\/www.radioluna.it\/news\/wp-json\/wp\/v2\/tags?post=315204"}],"curies":[{"name":"wp","href":"https:\/\/api.w.org\/{rel}","templated":true}]}}