{"id":315260,"date":"2022-07-28T11:42:07","date_gmt":"2022-07-28T09:42:07","guid":{"rendered":"https:\/\/www.radioluna.it\/news\/?p=315260"},"modified":"2022-07-28T11:42:07","modified_gmt":"2022-07-28T09:42:07","slug":"al-nicolosi-di-latina-la-compagnia-alibi-porta-in-scena-il-reading-ventotene","status":"publish","type":"post","link":"https:\/\/www.radioluna.it\/news\/2022\/07\/al-nicolosi-di-latina-la-compagnia-alibi-porta-in-scena-il-reading-ventotene\/","title":{"rendered":"Al Nicolosi di Latina la compagnia Alibi porta in scena il reading &#8220;ventOtene&#8221;"},"content":{"rendered":"<div id=\"fb-root\"><\/div>\n<p style=\"text-align: justify;\"><strong>LATINA<\/strong> &#8211; <strong>Venerd\u00ec 29 luglio (alle 21) la Compagnia Alibi<\/strong> porta in scena nel <strong>Quartiere Nicolosi di Latina<\/strong> (ad ingresso libero) lo spettacolo teatrale <strong>&#8220;ventOtene&#8221; del Progetto Mediazione Sociale ideato dalla Cooperativa Sociale Il Quadrifoglio in collaborazione con il Comune di Latina<\/strong>.<br \/>\nTre attori\u00a0 danno vita a una pluralit\u00e0 di voci, evocando le figure di cinque personaggi: <strong>Altiero Spinelli, Eugenio Colorni, Ursula Hirshmann, Ernesto Rossi e Tina Pizzardo<\/strong>, tutti ancora ragazzi, pronti a passare la soglia che far\u00e0 di loro protagonisti della Storia. Ventotene segna questa storia e ne \u00e8 segnata.<\/p>\n<p style=\"text-align: justify;\">&#8220;La nostra \u201cVentotene\u201d\u00a0 &#8211; spiegano gli organizzatori &#8211; sta un passo prima della soglia, l\u00ec dove la metamorfosi non \u00e8 ancora avvenuta e le personalit\u00e0 storiche sono ancora persone: abbiamo scelto di raccontarli cos\u00ec, come ragazzi pieni di speranze, di passioni e di un grande sogno che cresce e si alimenta mentre gli Stati europei nella carneficina della seconda guerra mondiale, perch\u00e9 \u00e8 l\u00ec che nasce il Manifesto di Ventotene, il progetto di un\u2019Europa libera e unita. Un\u2019assurdit\u00e0 tale non sarebbe potuta germogliare che in un luogo capace di essere contemporaneamente il centro e la periferia della storia. Una storia vera che ci chiama e ci interroga, per essere riscoperta e tornare ad ispirarci&#8221;.<\/p>\n<p style=\"text-align: justify;\">Nella versione reading di questo spettacolo, <strong>Walter Prete<\/strong>, anche autore della drammaturgia, somma in s\u00e9 tutte le voci maschili, <strong>Anna Marra<\/strong> interpreta i personaggi femminili e <strong>Gustavo D\u2019Aversa<\/strong>, il regista, conserva, come nello spettacolo originale, il ruolo del protagonista: Altiero Spinelli.<\/p>\n<p style=\"text-align: justify;\">\n","protected":false},"excerpt":{"rendered":"<p>LATINA &#8211; Venerd\u00ec 29 luglio (alle 21) la Compagnia Alibi porta in scena nel Quartiere Nicolosi di Latina (ad ingresso libero) lo spettacolo teatrale &#8220;ventOtene&#8221; del Progetto Mediazione Sociale ideato dalla Cooperativa Sociale Il Quadrifoglio in collaborazione con il Comune di Latina. Tre attori\u00a0 danno vita a una pluralit\u00e0 di voci, evocando le figure di [&hellip;]<\/p>\n","protected":false},"author":62,"featured_media":315261,"comment_status":"open","ping_status":"open","sticky":false,"template":"","format":"standard","meta":{"footnotes":""},"categories":[16],"tags":[],"class_list":["post-315260","post","type-post","status-publish","format-standard","has-post-thumbnail","hentry","category-appuntamenti"],"_links":{"self":[{"href":"https:\/\/www.radioluna.it\/news\/wp-json\/wp\/v2\/posts\/315260","targetHints":{"allow":["GET"]}}],"collection":[{"href":"https:\/\/www.radioluna.it\/news\/wp-json\/wp\/v2\/posts"}],"about":[{"href":"https:\/\/www.radioluna.it\/news\/wp-json\/wp\/v2\/types\/post"}],"author":[{"embeddable":true,"href":"https:\/\/www.radioluna.it\/news\/wp-json\/wp\/v2\/users\/62"}],"replies":[{"embeddable":true,"href":"https:\/\/www.radioluna.it\/news\/wp-json\/wp\/v2\/comments?post=315260"}],"version-history":[{"count":0,"href":"https:\/\/www.radioluna.it\/news\/wp-json\/wp\/v2\/posts\/315260\/revisions"}],"wp:featuredmedia":[{"embeddable":true,"href":"https:\/\/www.radioluna.it\/news\/wp-json\/wp\/v2\/media\/315261"}],"wp:attachment":[{"href":"https:\/\/www.radioluna.it\/news\/wp-json\/wp\/v2\/media?parent=315260"}],"wp:term":[{"taxonomy":"category","embeddable":true,"href":"https:\/\/www.radioluna.it\/news\/wp-json\/wp\/v2\/categories?post=315260"},{"taxonomy":"post_tag","embeddable":true,"href":"https:\/\/www.radioluna.it\/news\/wp-json\/wp\/v2\/tags?post=315260"}],"curies":[{"name":"wp","href":"https:\/\/api.w.org\/{rel}","templated":true}]}}