{"id":315351,"date":"2022-07-31T09:59:02","date_gmt":"2022-07-31T07:59:02","guid":{"rendered":"https:\/\/www.radioluna.it\/news\/?p=315351"},"modified":"2022-07-31T10:24:59","modified_gmt":"2022-07-31T08:24:59","slug":"ritiro-latina-calcio-1932-aumentano-i-ritmi-tre-sfide-in-sette-giorni","status":"publish","type":"post","link":"https:\/\/www.radioluna.it\/news\/2022\/07\/ritiro-latina-calcio-1932-aumentano-i-ritmi-tre-sfide-in-sette-giorni\/","title":{"rendered":"Ritiro Latina Calcio 1932, aumentano i ritmi: tre sfide in sette giorni"},"content":{"rendered":"<div id=\"fb-root\"><\/div>\n<p style=\"text-align: justify;\"><strong>LATINA &#8211;<\/strong> Definito il programma per la terza settimana di ritiro del Latina Calcio 1932. In queste giornate i ritmi aumenteranno ulteriormente, con la squadra che dovr\u00e0 cimentarsi in tre sfide nell\u2019arco di sette giorni per iniziare a trovare il ritmo partita.<\/p>\n<p style=\"text-align: justify;\">Si comincia luned\u00ec 1\u00b0 agosto con una seduta mattutina, in vista del primo allenamento congiunto contro l\u2019Indomita Pomezia che si terr\u00e0 alle ore 18 presso l\u2019ex Fulgorcavi. Dopo questa uscita, il tecnico Daniele Di Donato conceder\u00e0 ai suoi giocatori il marted\u00ec di riposo, per poi riprendere da mercoled\u00ec con altre giornate con doppie sedute.<\/p>\n<p style=\"text-align: justify;\">Venerd\u00ec 5 agosto altro allenamento congiunto, sempre alla ex Fulgorcavi contro il Citt\u00e0 di Anagni. Dopo un sabato all\u2019insegna del defaticamento, domenica 7 il Latina sar\u00e0 impegnato in una sfida di livello. Infatti, allo stadio Domenico Francioni, arriver\u00e0 la Viterbese per un nuovo allenamento congiunto, che dar\u00e0 un antipasto del prossimo campionato di Serie C.<\/p>\n","protected":false},"excerpt":{"rendered":"<p>LATINA &#8211; Definito il programma per la terza settimana di ritiro del Latina Calcio 1932. In queste giornate i ritmi aumenteranno ulteriormente, con la squadra che dovr\u00e0 cimentarsi in tre sfide nell\u2019arco di sette giorni per iniziare a trovare il ritmo partita. Si comincia luned\u00ec 1\u00b0 agosto con una seduta mattutina, in vista del primo [&hellip;]<\/p>\n","protected":false},"author":5430,"featured_media":315352,"comment_status":"open","ping_status":"open","sticky":false,"template":"","format":"standard","meta":{"footnotes":""},"categories":[17],"tags":[],"class_list":["post-315351","post","type-post","status-publish","format-standard","has-post-thumbnail","hentry","category-sport"],"_links":{"self":[{"href":"https:\/\/www.radioluna.it\/news\/wp-json\/wp\/v2\/posts\/315351","targetHints":{"allow":["GET"]}}],"collection":[{"href":"https:\/\/www.radioluna.it\/news\/wp-json\/wp\/v2\/posts"}],"about":[{"href":"https:\/\/www.radioluna.it\/news\/wp-json\/wp\/v2\/types\/post"}],"author":[{"embeddable":true,"href":"https:\/\/www.radioluna.it\/news\/wp-json\/wp\/v2\/users\/5430"}],"replies":[{"embeddable":true,"href":"https:\/\/www.radioluna.it\/news\/wp-json\/wp\/v2\/comments?post=315351"}],"version-history":[{"count":0,"href":"https:\/\/www.radioluna.it\/news\/wp-json\/wp\/v2\/posts\/315351\/revisions"}],"wp:featuredmedia":[{"embeddable":true,"href":"https:\/\/www.radioluna.it\/news\/wp-json\/wp\/v2\/media\/315352"}],"wp:attachment":[{"href":"https:\/\/www.radioluna.it\/news\/wp-json\/wp\/v2\/media?parent=315351"}],"wp:term":[{"taxonomy":"category","embeddable":true,"href":"https:\/\/www.radioluna.it\/news\/wp-json\/wp\/v2\/categories?post=315351"},{"taxonomy":"post_tag","embeddable":true,"href":"https:\/\/www.radioluna.it\/news\/wp-json\/wp\/v2\/tags?post=315351"}],"curies":[{"name":"wp","href":"https:\/\/api.w.org\/{rel}","templated":true}]}}