{"id":315354,"date":"2022-07-31T10:17:28","date_gmt":"2022-07-31T08:17:28","guid":{"rendered":"https:\/\/www.radioluna.it\/news\/?p=315354"},"modified":"2022-08-01T10:08:40","modified_gmt":"2022-08-01T08:08:40","slug":"a-bassiano-un-mappamondo-ambientalista-donato-dallartista-gino-iori","status":"publish","type":"post","link":"https:\/\/www.radioluna.it\/news\/2022\/07\/a-bassiano-un-mappamondo-ambientalista-donato-dallartista-gino-iori\/","title":{"rendered":"A Bassiano un mappamondo &#8220;ambientalista&#8221; donato dall&#8217;artista Gino Iori"},"content":{"rendered":"<div id=\"fb-root\"><\/div>\n<p style=\"text-align: justify;\"><strong>BASSIANO<\/strong> &#8211; Sar\u00e0 inaugurata oggi (alle 11) a Bassiano la Sala del Mappamondo. Nell\u2019atrio del palazzo comunale, domenica 31 luglio, sar\u00e0 scoperto il maestoso mappamondo realizzato dall\u2019artista Gino Iori che lo ha donato alla comunit\u00e0. &#8220;Un\u2019opera straordinaria, unica nel suo genere, che l\u2019artista con la sua perizia artigiana ha realizzato e consegnato all\u2019Amministrazione Comunale e che diverr\u00e0 un prezioso elemento di benvenuto che doner\u00e0 agli spazi un&#8217;atmosfera accogliente e affascinante, in grado di colpire l&#8217;attenzione e la curiosit\u00e0 dei cittadini e di tutti gli ospiti che vorranno pregiarci della loro visita. Un\u2019opera che porta con s\u00e9 un profondo significato di rispetto per la nostra madre Terra, di riflessione circa i comportamenti verso il suo ambiente marino, montano, urbano che tutti dobbiamo osservare e preservare&#8221;, dice il sindaco Domenico Guidi.<br \/>\nPer realizzare il grande mappamondo ci sono voluti quasi 8 mesi. &#8220;Avevo gi\u00e0 annunciato l\u2019avvio di questa opera nel mese di febbraio 2022 e la volont\u00e0 del maestro Iori di donarlo all\u2019Amministrazione comunale affinch\u00e9 rendessimo questo Mappamondo il faro che guider\u00e0 i nostri comportamenti &#8211; aggiunge Guidi\u00a0 &#8211; e il monito per ricordarci che siamo tutti parti di una grande comunit\u00e0 e che solo insieme potremo raggiungere i nostri obiettivi, che siamo ospiti della nostra Terra e non proprietari, e per questo abbiamo il dovere di rispettarla e di amarla&#8221;.<\/p>\n<p>La manifestazione si inserisce tra gli eventi della 53\u00b0 Sagra del Prosciutto.<\/p>\n","protected":false},"excerpt":{"rendered":"<p>BASSIANO &#8211; Sar\u00e0 inaugurata oggi (alle 11) a Bassiano la Sala del Mappamondo. Nell\u2019atrio del palazzo comunale, domenica 31 luglio, sar\u00e0 scoperto il maestoso mappamondo realizzato dall\u2019artista Gino Iori che lo ha donato alla comunit\u00e0. &#8220;Un\u2019opera straordinaria, unica nel suo genere, che l\u2019artista con la sua perizia artigiana ha realizzato e consegnato all\u2019Amministrazione Comunale e [&hellip;]<\/p>\n","protected":false},"author":62,"featured_media":315355,"comment_status":"open","ping_status":"open","sticky":false,"template":"","format":"standard","meta":{"footnotes":""},"categories":[735],"tags":[],"class_list":["post-315354","post","type-post","status-publish","format-standard","has-post-thumbnail","hentry","category-attualita"],"_links":{"self":[{"href":"https:\/\/www.radioluna.it\/news\/wp-json\/wp\/v2\/posts\/315354","targetHints":{"allow":["GET"]}}],"collection":[{"href":"https:\/\/www.radioluna.it\/news\/wp-json\/wp\/v2\/posts"}],"about":[{"href":"https:\/\/www.radioluna.it\/news\/wp-json\/wp\/v2\/types\/post"}],"author":[{"embeddable":true,"href":"https:\/\/www.radioluna.it\/news\/wp-json\/wp\/v2\/users\/62"}],"replies":[{"embeddable":true,"href":"https:\/\/www.radioluna.it\/news\/wp-json\/wp\/v2\/comments?post=315354"}],"version-history":[{"count":0,"href":"https:\/\/www.radioluna.it\/news\/wp-json\/wp\/v2\/posts\/315354\/revisions"}],"wp:featuredmedia":[{"embeddable":true,"href":"https:\/\/www.radioluna.it\/news\/wp-json\/wp\/v2\/media\/315355"}],"wp:attachment":[{"href":"https:\/\/www.radioluna.it\/news\/wp-json\/wp\/v2\/media?parent=315354"}],"wp:term":[{"taxonomy":"category","embeddable":true,"href":"https:\/\/www.radioluna.it\/news\/wp-json\/wp\/v2\/categories?post=315354"},{"taxonomy":"post_tag","embeddable":true,"href":"https:\/\/www.radioluna.it\/news\/wp-json\/wp\/v2\/tags?post=315354"}],"curies":[{"name":"wp","href":"https:\/\/api.w.org\/{rel}","templated":true}]}}