{"id":315378,"date":"2022-08-01T07:36:55","date_gmt":"2022-08-01T05:36:55","guid":{"rendered":"https:\/\/www.radioluna.it\/news\/?p=315378"},"modified":"2022-08-01T12:35:01","modified_gmt":"2022-08-01T10:35:01","slug":"ponza-recuperato-il-motoscafo-andato-a-fuoco-al-frontone-unaltra-barca-affondata-salvi-quattro-ragazzi","status":"publish","type":"post","link":"https:\/\/www.radioluna.it\/news\/2022\/08\/ponza-recuperato-il-motoscafo-andato-a-fuoco-al-frontone-unaltra-barca-affondata-salvi-quattro-ragazzi\/","title":{"rendered":"Ponza, recuperato il motoscafo andato a fuoco al Frontone. Un&#8217;altra barca affondata, salvi quattro ragazzi"},"content":{"rendered":"<div id=\"fb-root\"><\/div>\n<p style=\"text-align: justify;\"><strong><img loading=\"lazy\" decoding=\"async\" class=\"alignnone size-full wp-image-315380\" src=\"https:\/\/www.radioluna.it\/news\/wp-content\/uploads\/2022\/08\/motoscafo-portato-via.jpg\" alt=\"\" width=\"1467\" height=\"729\" srcset=\"https:\/\/www.radioluna.it\/news\/wp-content\/uploads\/2022\/08\/motoscafo-portato-via.jpg 1467w, https:\/\/www.radioluna.it\/news\/wp-content\/uploads\/2022\/08\/motoscafo-portato-via-768x382.jpg 768w\" sizes=\"auto, (max-width: 1467px) 100vw, 1467px\" \/>PONZA<\/strong> &#8211; Mentre \u00e8 stata aperta un&#8217;inchiesta sul motoscafo da 14 metri affondato a Ponza nel pomeriggio di sabato, ieri un&#8217;altra emergenza si \u00e8 verificata nel mare dell&#8217;isola pontina dove una piccola imbarcazione di circa 5 metri di lunghezza con a bordo quattro ragazzi \u00e8 affondata a Cala del Core. I giovani finiti in acqua sono stati soccorsi da alcuni diportisti presenti e per loro nessuna conseguenza. Sul posto \u00e8 intervenuta una unit\u00e0 della Guardia Costiera di Ponza e la barca affondata \u00e8 stata recuperata immediatamente.<\/p>\n<p style=\"text-align: justify;\">E nella mattinata di ieri (domenica 31 luglio) \u00e8 stata anche recuperata la barca affondata al Frontone dopo l&#8217;incendio che si era sviluppato a bordo e che ha costretto una famiglia di Terracina a lanciarsi in mare. All\u2019alba i primi sopralluoghi sul posto da parte della Guardia Costiera di Ponza, dei Vigili del Fuoco e della ditta specializzata incaricata del servizio, per poi proseguire con il ripristino del galleggiamento dell\u2019unit\u00e0 e il suo rimorchio fino alla terra ferma. Le operazioni si sono concluse con successo intorno alle 14. Restano da accertare le cause dell&#8217;incendio e se il mezzo fosse manutenuto nella maniera dovuta.<\/p>\n<p style=\"text-align: justify;\">La Guardia Costiera di Ponza ricorda che durante la navigazione \u00e8 indispensabile essere sempre vigili e prudenti, moderare la velocit\u00e0 in prossimit\u00e0 della costa ed osservare le esistenti ordinanze delle Autorit\u00e0 marittime, rispettando sempre le zone di mare destinate alla balneazione ed avendo cura di utilizzare gli appositi corridoi di lancio eventualmente presenti per il loro sicuro attraversamento.<br \/>\nPer ogni emergenza in mare \u00e8 sempre possibile contattare il numero blu 1530 o anche il numero unico di emergenza 112 per il tempestivo intervento degli uomini e mezzi della Guardia Costiera.<\/p>\n","protected":false},"excerpt":{"rendered":"<p>PONZA &#8211; Mentre \u00e8 stata aperta un&#8217;inchiesta sul motoscafo da 14 metri affondato a Ponza nel pomeriggio di sabato, ieri un&#8217;altra emergenza si \u00e8 verificata nel mare dell&#8217;isola pontina dove una piccola imbarcazione di circa 5 metri di lunghezza con a bordo quattro ragazzi \u00e8 affondata a Cala del Core. I giovani finiti in acqua [&hellip;]<\/p>\n","protected":false},"author":62,"featured_media":315379,"comment_status":"open","ping_status":"open","sticky":false,"template":"","format":"standard","meta":{"footnotes":""},"categories":[7],"tags":[],"class_list":["post-315378","post","type-post","status-publish","format-standard","has-post-thumbnail","hentry","category-cronaca"],"_links":{"self":[{"href":"https:\/\/www.radioluna.it\/news\/wp-json\/wp\/v2\/posts\/315378","targetHints":{"allow":["GET"]}}],"collection":[{"href":"https:\/\/www.radioluna.it\/news\/wp-json\/wp\/v2\/posts"}],"about":[{"href":"https:\/\/www.radioluna.it\/news\/wp-json\/wp\/v2\/types\/post"}],"author":[{"embeddable":true,"href":"https:\/\/www.radioluna.it\/news\/wp-json\/wp\/v2\/users\/62"}],"replies":[{"embeddable":true,"href":"https:\/\/www.radioluna.it\/news\/wp-json\/wp\/v2\/comments?post=315378"}],"version-history":[{"count":0,"href":"https:\/\/www.radioluna.it\/news\/wp-json\/wp\/v2\/posts\/315378\/revisions"}],"wp:featuredmedia":[{"embeddable":true,"href":"https:\/\/www.radioluna.it\/news\/wp-json\/wp\/v2\/media\/315379"}],"wp:attachment":[{"href":"https:\/\/www.radioluna.it\/news\/wp-json\/wp\/v2\/media?parent=315378"}],"wp:term":[{"taxonomy":"category","embeddable":true,"href":"https:\/\/www.radioluna.it\/news\/wp-json\/wp\/v2\/categories?post=315378"},{"taxonomy":"post_tag","embeddable":true,"href":"https:\/\/www.radioluna.it\/news\/wp-json\/wp\/v2\/tags?post=315378"}],"curies":[{"name":"wp","href":"https:\/\/api.w.org\/{rel}","templated":true}]}}