{"id":315429,"date":"2022-08-01T12:34:13","date_gmt":"2022-08-01T10:34:13","guid":{"rendered":"https:\/\/www.radioluna.it\/news\/?p=315429"},"modified":"2022-08-02T13:35:53","modified_gmt":"2022-08-02T11:35:53","slug":"fondi-per-al-karama-articolo-21-scrive-al-commissario-di-latina-valente-decisione-assurda-e-antistorica","status":"publish","type":"post","link":"https:\/\/www.radioluna.it\/news\/2022\/08\/fondi-per-al-karama-articolo-21-scrive-al-commissario-di-latina-valente-decisione-assurda-e-antistorica\/","title":{"rendered":"Fondi per Al Karama, Associazione 21 luglio scrive al commissario di Latina Valente: &#8220;Decisione assurda e antistorica&#8221;"},"content":{"rendered":"<div id=\"fb-root\"><\/div>\n<p style=\"text-align: justify;\"><strong>LATINA &#8211;<\/strong> Dopo la notizia che il commissario straordinario per il Comune di Latina, Carmine Valente ha stanziato 650mila euro di fondi regionali per l&#8217;acquisto di moduli abitativi nuovi, ovvero per il rifacimento del campo nomadi Al Karama a Borgo Montello andato a fuoco il 2 luglio scorso, interviene l&#8217;associazione 21 Luglio che contesta la scelta e la definisce una \u00abdecisione assurda e antistorica&#8221; rendendosi disponibile a spiegare come si pu\u00f2 e perch\u00e9 si deve superare l&#8217;insediamento abitativo esistente da anni nella frazione alle porte di Latina.<\/p>\n<p style=\"text-align: justify;\"><strong>LA MISSIVA<\/strong> &#8211; In una lettera indirizzata allo stesso Commissario di Latina, l&#8217;organizzazione indipendente che svolge attivit\u00e0 di analisi e studio sulle condizioni delle comunit\u00e0 rom in emergenza abitativa e sulle politiche a loro rivolte attraverso la produzione di rapporti nazionali e internazionali considera la decisione discriminatoria e\u00a0sottolinea come \u00abtale intervento, configuratosi a tutti gli effetti come la realizzazione di un nuovo insediamento monoetnico, appare un\u2019azione ormai riconosciuta universalmente, sia a livello nazionale che europeo, come discriminatoria e antistorica. \u00c8 discriminatoria &#8211; come accertato anche da un\u2019ordinanza del Tribunale di Roma nel 2015 \u2013 perch\u00e9 contro il principio di pari trattamento e in contrasto con quanto raccomandato dalla Strategia Nazionale di Uguaglianza, inclusione e partecipazione di Rom e Sinti in attuazione della raccomandazione del Consiglio dell\u2019Unione Europea del 12 marzo 2021. Al suo interno viene esplicitamente sottolineata l\u2019urgenza di superare gli insediamenti monoetnici. \u00c8 antistorica perch\u00e9 \u00e8 ormai maturata tra gli amministratori pubblici italiana la consapevolezza che i campi rom vadano superati anche alla luce dell\u2019importante esborso economico che la loro gestione comporta. Si fa presente che l\u2019ultimo insediamento per soli rom in Italia \u00e8 stato realizzato ad Afragola nel lontano 2018 e che attualmente sono ben 26 gli insediamenti che in Italia si stanno avviando verso il progressivo superamento grazie all\u2019intervento di Amministrazioni di diverso colore politico\u00bb.<\/p>\n<p style=\"text-align: justify;\"><strong>SEGNALAZIONE ALL&#8217;UNAR<\/strong> &#8211; Sulla decisione del Commissario, l&#8217; Associazione 21 luglio ha anche inviato una segnalazione all\u2019Ufficio Nazionale Anti Discriminazioni Razziali (UNAR) presso la Presidenza del Consiglio dei Ministri al fine di valutare il suo profilo discriminatorio.<\/p>\n<p style=\"text-align: justify;\">Secondo Carlo Stasolla di Associazione 21 luglio \u00abSembra davvero assurdo che in Italia ci sia chi pensi ancora che per le famiglie rom in emergenza abitativa la soluzione da privilegiare sia un insediamento monoetnico. Tali spazi, oltre a violare i diritti umani, comportano un costo economico vergognoso. Se solamente si osserva che i 650.000 euro sono destinati ad offrire un alloggio transitorio e precario a 60 persone, si fa presto a calcolare un esborso economico pro-capite di quasi 11.000 euro! Una cifra inaccettabile che, se solo venisse riconvertita in percorsi inclusivi, garantirebbe l\u2019avvio di progettualit\u00e0 virtuose per un numero ben maggiore di cittadini in precariet\u00e0 socio-economica\u00bb.<\/p>\n<p style=\"text-align: justify;\">Al termine della lettera, Associazione 21 luglio si \u00e8 resa disponibile ad un incontro con il Commissario per illustrare \u00abin maniera pi\u00f9 dettagliata l\u2019importanza, la necessit\u00e0, ma anche la possibilit\u00e0 concreta di superare definitivamente l\u2019insediamento di Al Karama \u2013 dove prima dell\u2019incendio del 2 luglio scorso viveva la comunit\u00e0 rom &#8211; evitando la costruzione di una costosa e inutile nuova area monoetnica\u00bb.<\/p>\n","protected":false},"excerpt":{"rendered":"<p>LATINA &#8211; Dopo la notizia che il commissario straordinario per il Comune di Latina, Carmine Valente ha stanziato 650mila euro di fondi regionali per l&#8217;acquisto di moduli abitativi nuovi, ovvero per il rifacimento del campo nomadi Al Karama a Borgo Montello andato a fuoco il 2 luglio scorso, interviene l&#8217;associazione 21 Luglio che contesta la [&hellip;]<\/p>\n","protected":false},"author":62,"featured_media":313907,"comment_status":"open","ping_status":"open","sticky":false,"template":"","format":"standard","meta":{"footnotes":""},"categories":[7],"tags":[],"class_list":["post-315429","post","type-post","status-publish","format-standard","has-post-thumbnail","hentry","category-cronaca"],"_links":{"self":[{"href":"https:\/\/www.radioluna.it\/news\/wp-json\/wp\/v2\/posts\/315429","targetHints":{"allow":["GET"]}}],"collection":[{"href":"https:\/\/www.radioluna.it\/news\/wp-json\/wp\/v2\/posts"}],"about":[{"href":"https:\/\/www.radioluna.it\/news\/wp-json\/wp\/v2\/types\/post"}],"author":[{"embeddable":true,"href":"https:\/\/www.radioluna.it\/news\/wp-json\/wp\/v2\/users\/62"}],"replies":[{"embeddable":true,"href":"https:\/\/www.radioluna.it\/news\/wp-json\/wp\/v2\/comments?post=315429"}],"version-history":[{"count":0,"href":"https:\/\/www.radioluna.it\/news\/wp-json\/wp\/v2\/posts\/315429\/revisions"}],"wp:featuredmedia":[{"embeddable":true,"href":"https:\/\/www.radioluna.it\/news\/wp-json\/wp\/v2\/media\/313907"}],"wp:attachment":[{"href":"https:\/\/www.radioluna.it\/news\/wp-json\/wp\/v2\/media?parent=315429"}],"wp:term":[{"taxonomy":"category","embeddable":true,"href":"https:\/\/www.radioluna.it\/news\/wp-json\/wp\/v2\/categories?post=315429"},{"taxonomy":"post_tag","embeddable":true,"href":"https:\/\/www.radioluna.it\/news\/wp-json\/wp\/v2\/tags?post=315429"}],"curies":[{"name":"wp","href":"https:\/\/api.w.org\/{rel}","templated":true}]}}