{"id":315481,"date":"2022-08-02T11:18:29","date_gmt":"2022-08-02T09:18:29","guid":{"rendered":"https:\/\/www.radioluna.it\/news\/?p=315481"},"modified":"2022-08-02T11:20:15","modified_gmt":"2022-08-02T09:20:15","slug":"diventare-tutori-di-minori-non-accompagnati-presenti-nel-lazio-un-corso-a-settembre","status":"publish","type":"post","link":"https:\/\/www.radioluna.it\/news\/2022\/08\/diventare-tutori-di-minori-non-accompagnati-presenti-nel-lazio-un-corso-a-settembre\/","title":{"rendered":"Diventare tutori di minori non accompagnati presenti nel Lazio, un corso a settembre"},"content":{"rendered":"<div id=\"fb-root\"><\/div>\n<p style=\"text-align: justify;\"><strong>LATINA &#8211;\u00a0<\/strong> Luned\u00ec 19 settembre 2022 prender\u00e0 via il corso di formazione per tutori volontari di minori stranieri non accompagnati (), presenti nel territorio della Regione Lazio. L\u2019inizio delle lezioni sar\u00e0 preceduto dalla presentazione del corso a cura, tra gli altri, della Garante dell\u2019infanzia della Regione Lazio, che ne illustrer\u00e0 finalit\u00e0 e contenuti.<\/p>\n<p style=\"text-align: justify;\">Il corso, della durata complessiva di 30 ore, per un totale di 11 lezioni, si svolger\u00e0, secondo un apposito calendario e relativi moduli formativi, all\u2019Istituto di studi giuridici del Lazio \u201cArturo Carlo Jemolo\u201d. La partecipazione al corso sar\u00e0 gratuita e potr\u00e0 avvenire sia in presenza, che in modalit\u00e0 telematica o mista, in base alle decisioni che la direzione dello stesso riterr\u00e0 di assumere di volta in volta, anche in ragione della nota situazione epidemiologica\u00a0da Covid-19, decisioni che verranno prontamente comunicate ai discenti. La partecipazione con esito positivo al corso di formazione \u00e8 funzionale all\u2019iscrizione all\u2019Elenco dei tutori volontari, ex articolo 11 della l. 47\/2017, istituito e tenuto presso il Tribunale per i Minorenni di Roma.<\/p>\n<p style=\"text-align: justify;\">In merito alla programmazione del corso sono intervenuti due appositi organismi ossia la Commissione paritetica e il Comitato tecnico-scientifico, che hanno provveduto, per quanto di rispettiva competenza, agli aspetti organizzativi, alla definizione del programma formativo e alla selezione dei docenti. Di questi organismi fanno parte, oltre che soggetti interni all\u2019Istituto Jemolo e all\u2019Ufficio della Garante dell\u2019infanzia, anche la Presidente del Tribunale per i Minorenni di Roma, Lidia Salerno e il Presidente dell\u2019Ordine degli psicologi del Lazio, Federco Conte.<\/p>\n<p style=\"text-align: justify;\">I docenti del corso sono stati individuati nelle persone della dott.ssa Gabriella Marano, che si occuper\u00e0 del modulo formativo \u201cFenomenologico\u201d (8 ore), degli avv.ti Pasquale Lattari e Giuseppe Lepore che cureranno il modulo formativo \u201cGiuridico\u201d (8 ore), degli esperti Simona Curti, Stefania Krilic e Fabio Delicato, che svolgeranno invece il modulo formativo \u201cPsico-socio sanitario\u201d (8 ore).<\/p>\n<p style=\"text-align: justify;\">Chiuder\u00e0 l\u2019attivit\u00e0 formativa, con un modulo di 6 ore, la Garante dell\u2019infanzia della Regione Lazio, Monica sansoni\u00a0 che illustrer\u00e0, in particolare, dopo aver fatto una panoramica della normativa statale e regionale in materia, il ruolo e le funzioni del Garante e i rapporti con altri organi\/autorit\u00e0 regionali, per affrontare poi, nell\u2019ambito delle scienze forensi, i temi dell\u2019accoglienza dei minori stranieri non accompagnati e delle attivit\u00e0 connesse, dei rapporti con le prefetture e dei rischi per i msna stessi, passando in rassegna casi concreti.<\/p>\n","protected":false},"excerpt":{"rendered":"<p>LATINA &#8211;\u00a0 Luned\u00ec 19 settembre 2022 prender\u00e0 via il corso di formazione per tutori volontari di minori stranieri non accompagnati (), presenti nel territorio della Regione Lazio. L\u2019inizio delle lezioni sar\u00e0 preceduto dalla presentazione del corso a cura, tra gli altri, della Garante dell\u2019infanzia della Regione Lazio, che ne illustrer\u00e0 finalit\u00e0 e contenuti. Il corso, [&hellip;]<\/p>\n","protected":false},"author":60,"featured_media":315482,"comment_status":"open","ping_status":"open","sticky":false,"template":"","format":"standard","meta":{"footnotes":""},"categories":[735],"tags":[],"class_list":["post-315481","post","type-post","status-publish","format-standard","has-post-thumbnail","hentry","category-attualita"],"_links":{"self":[{"href":"https:\/\/www.radioluna.it\/news\/wp-json\/wp\/v2\/posts\/315481","targetHints":{"allow":["GET"]}}],"collection":[{"href":"https:\/\/www.radioluna.it\/news\/wp-json\/wp\/v2\/posts"}],"about":[{"href":"https:\/\/www.radioluna.it\/news\/wp-json\/wp\/v2\/types\/post"}],"author":[{"embeddable":true,"href":"https:\/\/www.radioluna.it\/news\/wp-json\/wp\/v2\/users\/60"}],"replies":[{"embeddable":true,"href":"https:\/\/www.radioluna.it\/news\/wp-json\/wp\/v2\/comments?post=315481"}],"version-history":[{"count":0,"href":"https:\/\/www.radioluna.it\/news\/wp-json\/wp\/v2\/posts\/315481\/revisions"}],"wp:featuredmedia":[{"embeddable":true,"href":"https:\/\/www.radioluna.it\/news\/wp-json\/wp\/v2\/media\/315482"}],"wp:attachment":[{"href":"https:\/\/www.radioluna.it\/news\/wp-json\/wp\/v2\/media?parent=315481"}],"wp:term":[{"taxonomy":"category","embeddable":true,"href":"https:\/\/www.radioluna.it\/news\/wp-json\/wp\/v2\/categories?post=315481"},{"taxonomy":"post_tag","embeddable":true,"href":"https:\/\/www.radioluna.it\/news\/wp-json\/wp\/v2\/tags?post=315481"}],"curies":[{"name":"wp","href":"https:\/\/api.w.org\/{rel}","templated":true}]}}