{"id":315555,"date":"2022-08-03T14:22:02","date_gmt":"2022-08-03T12:22:02","guid":{"rendered":"https:\/\/www.radioluna.it\/news\/?p=315555"},"modified":"2022-08-04T09:39:49","modified_gmt":"2022-08-04T07:39:49","slug":"al-karama-caritas-mettere-le-persone-al-centro-di-un-confronto-onesto-e-chiaro-per-superare-il-concetto-di-campo-nomadi","status":"publish","type":"post","link":"https:\/\/www.radioluna.it\/news\/2022\/08\/al-karama-caritas-mettere-le-persone-al-centro-di-un-confronto-onesto-e-chiaro-per-superare-il-concetto-di-campo-nomadi\/","title":{"rendered":"Al Karama, Caritas: &#8220;Mettere le persone al centro di un confronto onesto e chiaro, per superare il concetto di &#8220;campo nomadi&#8221;"},"content":{"rendered":"<div id=\"fb-root\"><\/div>\n<p style=\"text-align: justify;\"><strong>LATINA<\/strong> &#8211; Riceviamo e pubblichiamo volentieri l&#8217;intervento della Caritas di Latina e dell&#8217;associazione Migrantes su Al Karama. Dopo quello dell&#8217;Associazione 21 luglio che contesta la riproposizione di un campo monoetnico, arriva la posizione dell&#8217;ente che pi\u00f9 di altri assiste da sempre le famiglie rom che abitano a Borgo Montello. L&#8217;invito \u00e8 ad un confronto aperto e onesto per superare quello che \u00e8 di fatto un ghetto .<\/p>\n<p style=\"text-align: justify;\"><strong>L&#8217;intervento<\/strong>\u00a0&#8211; \u00abA un mese dall\u2019incendio che, lo scorso 2 luglio, ha distrutto il cosiddetto \u201ccampo rom di Al Karama\u201d, una nota dell\u2019Associazione 21 luglio, che da anni svolge attivit\u00e0 di analisi e studio sulle condizioni delle comunit\u00e0 rom in emergenza abitativa nel nostro Paese e sulle politiche a loro rivolte, sottolinea di nuovo e con forza la necessit\u00e0 che la riflessione si allarghi, fino a toccare la vera questione, che Caritas e Migrantes della diocesi di Latina pongono da sempre: cio\u00e8 se quella sistemazione, in un \u201ccampo\u201d, dislocato ai margini del territorio comunale, in una situazione di completa emarginazione, ben distante dagli occhi e dai cuori di tutti, sia dignitosa, rispettosa cio\u00e8 della dignit\u00e0 di quelle persone, neonati, minori, anziani, donne e uomini, costretti a vivere in un \u201cghetto\u201d. Di questo infatti si tratta, per il pensiero che c\u2019\u00e8 dietro, per come il campo viene trattato e vissuto, e per l\u2019immaginario collettivo.<\/p>\n<p style=\"text-align: justify;\">Eppure, quando per quel luogo si scelse un nome, tanti anni fa (era il tempo dell\u2019attuazione della Legge Martelli, sull\u2019immigrazione, e sembrava dovesse essere il fiore all\u2019occhiello per l\u2019accoglienza degli immigrati), si opt\u00f2 per\u00a0Al Karama, termine arabo che vuol dire \u201cdignit\u00e0\u201d. Ma pochi immigrati hanno goduto di dignit\u00e0 in quel luogo, abbandonato dopo pochi anni, con uno sperpero enorme di denaro pubblico. Sicuramente \u2013 la dignit\u00e0 \u2013 non l\u2019hanno trovata le famiglie rom che fino ad oggi l\u2019hanno utilizzato come un rifugio. Un rifugio oggi diventato una trappola, che il 2 luglio ha rischiato di essere letale e da cui ora le stesse famiglie rom devono tenersi alla larga.<\/p>\n<p style=\"text-align: justify;\">Caritas e Migrantes, facendo proprie le preoccupazioni e le attese delle persone di Al Karama, e anche dei tanti volontari e cittadini che le hanno seguite e sostenute negli anni (e lo fanno ancora oggi nell\u2019area ex-Rossi Sud), chiedono che la politica faccia la sua parte, mettendo fine, una volta per tutte, alle lungaggini burocratiche, alle decisioni rinviate, ai protocolli mai realizzati. E invitano i futuri decisori della citt\u00e0 a mettere le persone di Al Karama al centro di un confronto onesto, aperto e chiaro, che \u00e8 l\u2019unica possibilit\u00e0 concreta per superare definitivamente il concetto stesso di \u201ccampo\u201d\u00bb.<\/p>\n","protected":false},"excerpt":{"rendered":"<p>LATINA &#8211; Riceviamo e pubblichiamo volentieri l&#8217;intervento della Caritas di Latina e dell&#8217;associazione Migrantes su Al Karama. Dopo quello dell&#8217;Associazione 21 luglio che contesta la riproposizione di un campo monoetnico, arriva la posizione dell&#8217;ente che pi\u00f9 di altri assiste da sempre le famiglie rom che abitano a Borgo Montello. L&#8217;invito \u00e8 ad un confronto aperto [&hellip;]<\/p>\n","protected":false},"author":62,"featured_media":315556,"comment_status":"open","ping_status":"open","sticky":false,"template":"","format":"standard","meta":{"footnotes":""},"categories":[735],"tags":[],"class_list":["post-315555","post","type-post","status-publish","format-standard","has-post-thumbnail","hentry","category-attualita"],"_links":{"self":[{"href":"https:\/\/www.radioluna.it\/news\/wp-json\/wp\/v2\/posts\/315555","targetHints":{"allow":["GET"]}}],"collection":[{"href":"https:\/\/www.radioluna.it\/news\/wp-json\/wp\/v2\/posts"}],"about":[{"href":"https:\/\/www.radioluna.it\/news\/wp-json\/wp\/v2\/types\/post"}],"author":[{"embeddable":true,"href":"https:\/\/www.radioluna.it\/news\/wp-json\/wp\/v2\/users\/62"}],"replies":[{"embeddable":true,"href":"https:\/\/www.radioluna.it\/news\/wp-json\/wp\/v2\/comments?post=315555"}],"version-history":[{"count":0,"href":"https:\/\/www.radioluna.it\/news\/wp-json\/wp\/v2\/posts\/315555\/revisions"}],"wp:featuredmedia":[{"embeddable":true,"href":"https:\/\/www.radioluna.it\/news\/wp-json\/wp\/v2\/media\/315556"}],"wp:attachment":[{"href":"https:\/\/www.radioluna.it\/news\/wp-json\/wp\/v2\/media?parent=315555"}],"wp:term":[{"taxonomy":"category","embeddable":true,"href":"https:\/\/www.radioluna.it\/news\/wp-json\/wp\/v2\/categories?post=315555"},{"taxonomy":"post_tag","embeddable":true,"href":"https:\/\/www.radioluna.it\/news\/wp-json\/wp\/v2\/tags?post=315555"}],"curies":[{"name":"wp","href":"https:\/\/api.w.org\/{rel}","templated":true}]}}