{"id":315582,"date":"2022-08-04T10:13:00","date_gmt":"2022-08-04T08:13:00","guid":{"rendered":"https:\/\/www.radioluna.it\/news\/?p=315582"},"modified":"2022-08-04T10:13:00","modified_gmt":"2022-08-04T08:13:00","slug":"a-terracina-parte-cantiere-aperto-visite-guidate-agli-scavi-del-teatro-romano","status":"publish","type":"post","link":"https:\/\/www.radioluna.it\/news\/2022\/08\/a-terracina-parte-cantiere-aperto-visite-guidate-agli-scavi-del-teatro-romano\/","title":{"rendered":"A Terracina parte &#8220;Cantiere Aperto&#8221;, visite guidate agli scavi del Teatro Romano"},"content":{"rendered":"<div id=\"fb-root\"><\/div>\n<p style=\"text-align: justify;\"><strong>TERRACINA<\/strong> &#8211;\u00a0 Si chiama \u201cCantiere Aperto\u201d il ciclo di visite guidate al Teatro Romano di Terracina che cominceranno sabato prossimo 6 agosto, ora che sono terminati gli scavi del Teatro Romano di Terracina. Obiettivo: promuovere la conoscenza di un\u2019importante monumento recuperato grazie al lavoro di ripristino e restauro svolto\u00a0 dalla Soprintendenza.<\/p>\n<p style=\"text-align: justify;\">&#8220;Durante le visite guidate\u00a0 &#8211; spiega in una nota Gilda Iadicicco della Soprintendenza Archeologia, Belle Arti e Paesaggio per le province di Frosinone e Latina &#8211; gli archeologi della Fondazione Citt\u00e0 di Terracina mostreranno al pubblico, in via del tutto straordinaria, un luogo suggestivo e monumentale, incastonato nel contesto architettonico del Foro Emiliano, al fine di renderlo finalmente fruibile, anche se per un breve periodo, estendendo cos\u00ec l\u2019identit\u00e0 storica del luogo attraverso una comunicazione che possa accrescere la consapevolezza della sua importanza culturale sia per gli abitanti di Terracina che per i visitatori&#8221;.<br \/>\nLo scavo archeologico, in pieno centro urbano della citt\u00e0 alta, ha portato al rinvenimento di importanti scoperte, tra le quali le are onorarie con dedica a Gaio e Lucio Cesari, figli adottivi di Augusto, futuri eredi del suo potere. La volont\u00e0 di far conoscere l\u2019importante lavoro svolto dalla Soprintendenza si deve, sotto la guida della Soprintendente arch. Lisa Lambusier, al funzionario archeologo di zona e direttore dello scavo, dott. Francesco Di Mario, con la collaborazione e il coordinamento della stessa Gilda Iadicicco.<\/p>\n<p style=\"text-align: justify;\">La\u00a0 visita archeologica,\u00a0 prevede anche l\u2019apertura delle Favisse del tempio maggiore, nelle quali si conservano importanti testimonianze della vita e storia romana della citt\u00e0.<\/p>\n<p style=\"text-align: justify;\"><strong>LE APERTURE<\/strong> &#8211; L&#8217;evento di apertura \u00e8 in programma sabato 6 agosto\u00a0 alle 18,30. Nell&#8217;occasione l\u2019Azienda vinicola Casale del Giglio\u00a0 offrir\u00e0 una degustazione dei suoi vini bianchi, rossi e rosati.<\/p>\n<p style=\"text-align: justify;\">Le aperture successive, a partire da gioved\u00ec 11 agosto, avranno luogo ogni gioved\u00ec, venerd\u00ec e sabato di agosto e le prime due settimane di settembre dalle\u00a0 18,30 alle 20,30. La prenotazione \u00e8 consigliata e gestita dalla Fondazione citt\u00e0 di Terracina: 0773\/359346 (dalle 9,00 alle 20,00) info@fondazioneterracina.it<\/p>\n","protected":false},"excerpt":{"rendered":"<p>TERRACINA &#8211;\u00a0 Si chiama \u201cCantiere Aperto\u201d il ciclo di visite guidate al Teatro Romano di Terracina che cominceranno sabato prossimo 6 agosto, ora che sono terminati gli scavi del Teatro Romano di Terracina. Obiettivo: promuovere la conoscenza di un\u2019importante monumento recuperato grazie al lavoro di ripristino e restauro svolto\u00a0 dalla Soprintendenza. &#8220;Durante le visite guidate\u00a0 [&hellip;]<\/p>\n","protected":false},"author":62,"featured_media":315583,"comment_status":"open","ping_status":"open","sticky":false,"template":"","format":"standard","meta":{"footnotes":""},"categories":[735],"tags":[],"class_list":["post-315582","post","type-post","status-publish","format-standard","has-post-thumbnail","hentry","category-attualita"],"_links":{"self":[{"href":"https:\/\/www.radioluna.it\/news\/wp-json\/wp\/v2\/posts\/315582","targetHints":{"allow":["GET"]}}],"collection":[{"href":"https:\/\/www.radioluna.it\/news\/wp-json\/wp\/v2\/posts"}],"about":[{"href":"https:\/\/www.radioluna.it\/news\/wp-json\/wp\/v2\/types\/post"}],"author":[{"embeddable":true,"href":"https:\/\/www.radioluna.it\/news\/wp-json\/wp\/v2\/users\/62"}],"replies":[{"embeddable":true,"href":"https:\/\/www.radioluna.it\/news\/wp-json\/wp\/v2\/comments?post=315582"}],"version-history":[{"count":0,"href":"https:\/\/www.radioluna.it\/news\/wp-json\/wp\/v2\/posts\/315582\/revisions"}],"wp:featuredmedia":[{"embeddable":true,"href":"https:\/\/www.radioluna.it\/news\/wp-json\/wp\/v2\/media\/315583"}],"wp:attachment":[{"href":"https:\/\/www.radioluna.it\/news\/wp-json\/wp\/v2\/media?parent=315582"}],"wp:term":[{"taxonomy":"category","embeddable":true,"href":"https:\/\/www.radioluna.it\/news\/wp-json\/wp\/v2\/categories?post=315582"},{"taxonomy":"post_tag","embeddable":true,"href":"https:\/\/www.radioluna.it\/news\/wp-json\/wp\/v2\/tags?post=315582"}],"curies":[{"name":"wp","href":"https:\/\/api.w.org\/{rel}","templated":true}]}}