{"id":315836,"date":"2022-08-08T13:21:43","date_gmt":"2022-08-08T11:21:43","guid":{"rendered":"https:\/\/www.radioluna.it\/news\/?p=315836"},"modified":"2022-08-08T13:21:43","modified_gmt":"2022-08-08T11:21:43","slug":"covid-141-nuovi-casi-e-due-ricoveri","status":"publish","type":"post","link":"https:\/\/www.radioluna.it\/news\/2022\/08\/covid-141-nuovi-casi-e-due-ricoveri\/","title":{"rendered":"Covid, 141 nuovi casi e due ricoveri"},"content":{"rendered":"<div id=\"fb-root\"><\/div>\n<p><strong>LATINA<\/strong> &#8211; Sono 141 i nuovi casi di covid registrati nel bollettino della Asl di Latina, in flessione netta come ogni luned\u00ec, perch\u00e9 riferiti ai test eseguiti nella giornata di domenica, ma in diminuzione anche rispetto a luned\u00ec primo agosto quando erano stati 188. Si conferma dunque la discesa progressiva dei contagi. A \u00a0Latina 44 casi, tutti sotto i 20 gli altri comuni pontini.<\/p>\n<p>Non ci sono stati decessi al Goretti nelle ultime 24 ore\u00a0 e i pazienti pontini ricoverati per covid sono stati due, uno al Goretti, l\u2019altro trasferito a Roma.<\/p>\n<p>Il totale di oggi \u00e8 emerso da poco pi\u00f9 di 500 tamponi per un tasso di positivit\u00e0 al 32%.<\/p>\n<p><strong>COMUNE PER COMUNE<\/strong><\/p>\n<p>Aprilia 15<br \/>\nBassiano &#8211; Campodimele &#8211; Castelforte &#8211; Cisterna di Latina 9<br \/>\nCori 5 Fondi 7<br \/>\nFormia 4<br \/>\nGaeta 1 Itri 2<br \/>\nLatina 44<br \/>\nLenola &#8211; 0<\/p>\n<p>Maenza 1<br \/>\nMinturno 5<br \/>\nMonte San Biagio 2<br \/>\nNorma 3<br \/>\nPontinia 3<br \/>\nPonza &#8211;<\/p>\n<p>Priverno 5<br \/>\nProssedi &#8211; 0<\/p>\n<p>Roccagorga &#8211; Rocca Massima &#8211; Roccasecca dei Volsci &#8211; 0<\/p>\n<p>Sabaudia 2<br \/>\nSan Felice Circeo 2<br \/>\nSanti Cosma e Damiano &#8211; Sermoneta 2<br \/>\nSezze 17<br \/>\nSonnino 2<br \/>\nSperlonga &#8211; Spigno Saturnia 1<br \/>\nTerracina 9<br \/>\nVentotene -0<\/p>\n<p>&nbsp;<\/p>\n<div class=\"radio-posizionamento-telefono-in-articoli-dopo-il-contenuto-articolo radio-entity-placement\" id=\"radio-1652038814\"><div id=\"radio-1074122576\"><a href=\"https:\/\/www.simeoneceramiche.com\/\" aria-label=\"SIMEONE CERAMICHE GIF animata per radioluna_Tavola disegno 1 copia 2 (online-video-cutter.com)\"><img loading=\"lazy\" decoding=\"async\" src=\"https:\/\/www.radioluna.it\/news\/wp-content\/uploads\/2025\/05\/SIMEONE-CERAMICHE-GIF-animata-per-radioluna_Tavola-disegno-1-copia-2-online-video-cutter.com_.gif\" alt=\"\"  width=\"300\" height=\"250\"   \/><\/a><\/div><\/div>","protected":false},"excerpt":{"rendered":"<p>LATINA &#8211; Sono 141 i nuovi casi di covid registrati nel bollettino della Asl di Latina, in flessione netta come ogni luned\u00ec, perch\u00e9 riferiti ai test eseguiti nella giornata di domenica, ma in diminuzione anche rispetto a luned\u00ec primo agosto quando erano stati 188. Si conferma dunque la discesa progressiva dei contagi. A \u00a0Latina 44 [&hellip;]<\/p>\n","protected":false},"author":62,"featured_media":315838,"comment_status":"open","ping_status":"open","sticky":false,"template":"","format":"standard","meta":{"footnotes":""},"categories":[2616],"tags":[],"class_list":["post-315836","post","type-post","status-publish","format-standard","has-post-thumbnail","hentry","category-sanita"],"_links":{"self":[{"href":"https:\/\/www.radioluna.it\/news\/wp-json\/wp\/v2\/posts\/315836","targetHints":{"allow":["GET"]}}],"collection":[{"href":"https:\/\/www.radioluna.it\/news\/wp-json\/wp\/v2\/posts"}],"about":[{"href":"https:\/\/www.radioluna.it\/news\/wp-json\/wp\/v2\/types\/post"}],"author":[{"embeddable":true,"href":"https:\/\/www.radioluna.it\/news\/wp-json\/wp\/v2\/users\/62"}],"replies":[{"embeddable":true,"href":"https:\/\/www.radioluna.it\/news\/wp-json\/wp\/v2\/comments?post=315836"}],"version-history":[{"count":0,"href":"https:\/\/www.radioluna.it\/news\/wp-json\/wp\/v2\/posts\/315836\/revisions"}],"wp:featuredmedia":[{"embeddable":true,"href":"https:\/\/www.radioluna.it\/news\/wp-json\/wp\/v2\/media\/315838"}],"wp:attachment":[{"href":"https:\/\/www.radioluna.it\/news\/wp-json\/wp\/v2\/media?parent=315836"}],"wp:term":[{"taxonomy":"category","embeddable":true,"href":"https:\/\/www.radioluna.it\/news\/wp-json\/wp\/v2\/categories?post=315836"},{"taxonomy":"post_tag","embeddable":true,"href":"https:\/\/www.radioluna.it\/news\/wp-json\/wp\/v2\/tags?post=315836"}],"curies":[{"name":"wp","href":"https:\/\/api.w.org\/{rel}","templated":true}]}}