{"id":315887,"date":"2022-08-09T13:50:00","date_gmt":"2022-08-09T11:50:00","guid":{"rendered":"https:\/\/www.radioluna.it\/news\/?p=315887"},"modified":"2022-08-09T13:50:00","modified_gmt":"2022-08-09T11:50:00","slug":"latina-piogge-diurne-per-due-giorni-allerta-gialla-sul-lazio","status":"publish","type":"post","link":"https:\/\/www.radioluna.it\/news\/2022\/08\/latina-piogge-diurne-per-due-giorni-allerta-gialla-sul-lazio\/","title":{"rendered":"Piogge diurne per due giorni: allerta gialla sul Lazio"},"content":{"rendered":"<div id=\"fb-root\"><\/div>\n<p style=\"text-align: justify;\"><strong>LATINA &#8211; <\/strong>Arriva la pioggia per due giorni (cos\u00ec annuncia la Protezione Civile del Lazio), \u00e8 prevista di giorno e a singhiozzo.<\/p>\n<p style=\"text-align: justify;\">&#8220;Il Centro Funzionale Regionale rende noto che il Dipartimento della Protezione Civile ha emesso oggi l\u2019avviso di condizioni meteorologiche avverse con indicazione che dal pomeriggio di oggi, marted\u00ec 9 agosto 2022 e per le successive 6 ore e dal pomeriggio di domani, mercoled\u00ec 10 agosto 2022 e per le successive 6 ore, si prevedono sul Lazio: precipitazioni da isolate a sparse, anche a carattere di rovescio o temporale a prevalente evoluzione diurna. Il Centro Funzionale Regionale ha effettuato la valutazione dei Livelli di Allerta\/Criticit\u00e0 e ha pertanto inoltrato un bollettino con allerta gialla per criticit\u00e0 idrogeologica e criticit\u00e0 idrogeologica per temporali su tutte le zone di allerta del Lazio. La Sala Operativa Permanente della Regione Lazio ha diramato l&#8217;allertamento del Sistema di Protezione Civile Regionale e invitato tutte le strutture ad adottare tutti gli adempimenti di competenza. Si ricorda, infine, che per ogni emergenza la popolazione potr\u00e0 fare riferimento alle strutture comunali di Protezione civile alle quali la Sala Operativa Regionale garantir\u00e0 costante supporto&#8221;, si legge nella nota la Protezione Civile del Lazio.<\/p>\n<p style=\"text-align: justify;\">\n","protected":false},"excerpt":{"rendered":"<p>LATINA &#8211; Arriva la pioggia per due giorni (cos\u00ec annuncia la Protezione Civile del Lazio), \u00e8 prevista di giorno e a singhiozzo. &#8220;Il Centro Funzionale Regionale rende noto che il Dipartimento della Protezione Civile ha emesso oggi l\u2019avviso di condizioni meteorologiche avverse con indicazione che dal pomeriggio di oggi, marted\u00ec 9 agosto 2022 e per [&hellip;]<\/p>\n","protected":false},"author":60,"featured_media":167698,"comment_status":"open","ping_status":"open","sticky":false,"template":"","format":"standard","meta":{"footnotes":""},"categories":[7],"tags":[],"class_list":["post-315887","post","type-post","status-publish","format-standard","has-post-thumbnail","hentry","category-cronaca"],"_links":{"self":[{"href":"https:\/\/www.radioluna.it\/news\/wp-json\/wp\/v2\/posts\/315887","targetHints":{"allow":["GET"]}}],"collection":[{"href":"https:\/\/www.radioluna.it\/news\/wp-json\/wp\/v2\/posts"}],"about":[{"href":"https:\/\/www.radioluna.it\/news\/wp-json\/wp\/v2\/types\/post"}],"author":[{"embeddable":true,"href":"https:\/\/www.radioluna.it\/news\/wp-json\/wp\/v2\/users\/60"}],"replies":[{"embeddable":true,"href":"https:\/\/www.radioluna.it\/news\/wp-json\/wp\/v2\/comments?post=315887"}],"version-history":[{"count":0,"href":"https:\/\/www.radioluna.it\/news\/wp-json\/wp\/v2\/posts\/315887\/revisions"}],"wp:featuredmedia":[{"embeddable":true,"href":"https:\/\/www.radioluna.it\/news\/wp-json\/wp\/v2\/media\/167698"}],"wp:attachment":[{"href":"https:\/\/www.radioluna.it\/news\/wp-json\/wp\/v2\/media?parent=315887"}],"wp:term":[{"taxonomy":"category","embeddable":true,"href":"https:\/\/www.radioluna.it\/news\/wp-json\/wp\/v2\/categories?post=315887"},{"taxonomy":"post_tag","embeddable":true,"href":"https:\/\/www.radioluna.it\/news\/wp-json\/wp\/v2\/tags?post=315887"}],"curies":[{"name":"wp","href":"https:\/\/api.w.org\/{rel}","templated":true}]}}