{"id":316004,"date":"2022-08-12T10:16:13","date_gmt":"2022-08-12T08:16:13","guid":{"rendered":"https:\/\/www.radioluna.it\/news\/?p=316004"},"modified":"2022-08-12T10:18:17","modified_gmt":"2022-08-12T08:18:17","slug":"annullata-la-partita-tra-latina-calcio-1932-e-laprilia-di-olivera","status":"publish","type":"post","link":"https:\/\/www.radioluna.it\/news\/2022\/08\/annullata-la-partita-tra-latina-calcio-1932-e-laprilia-di-olivera\/","title":{"rendered":"Annullata la partita tra Latina Calcio 1932 e l&#8217;Aprilia di Olivera"},"content":{"rendered":"<div id=\"fb-root\"><\/div>\n<p style=\"text-align: justify;\"><strong>LATINA &#8211; <\/strong>Salta l\u2019allenamento congiunto tra Latina Calcio 1932 di mister Di Donato e l&#8217;Aprilia Calcio di Ruben Olivera. La partita, prevista per sabato 13 alle ore 18\u00a0 al Francioni \u00e8 stata annullata per una decisione indipendente dalla volont\u00e0 del club nerazzurro.<\/p>\n<p style=\"text-align: justify;\">Il\u00a0 nuovo programma di allenamento della squadra nerazzurra prevede dunque una partitella in famiglia sabato mattina, alle 9,30. Dopo questa sessione di allenamento, il tecnico Daniele Di Donato, anche per l\u2019intenso lavoro di queste quattro settimane, conceder\u00e0 ai suoi ragazzi un po\u2019 di riposo, fino al giorno di Ferragosto. Dopo questi giorni, il Latina ripartir\u00e0 per una nuova settimana di preparazione, in vista dell\u2019inizio ufficiale della stagione 2022\/2023 previsto per il 4 settembre.<\/p>\n<p style=\"text-align: justify;\">E oggi si presenta la Campagna Abbonamenti del Latina Calcio 1932 per la prossima stagione sportiva del campionato di Lega Pro. Nella Sala stampa Amodio dello stadio Francioni di Latina verr\u00e0 presentata ai tifosi e alla citt\u00e0 la campagna abbonamenti con tutti i dettagli per essere protagonisti e sostenitori della squadra nelle partite casalinghe.<\/p>\n<p style=\"text-align: justify;\">\u201cIl riavvio della campagna abbonamenti si inserisce nel percorso che la societ\u00e0 sta tracciando per portare i colori neroazzurri ai livelli che meritano \u2013 ha spiegato il presidente Antonio Terracciano \u2013 ci\u00f2 nella consapevolezza che questi colori e il nome del Latina Calcio 1932 sono patrimonio dell\u2019intera citt\u00e0 e della provincia. La campagna abbonamenti che partir\u00e0 a breve \u00e8 una delle pi\u00f9 belle opportunit\u00e0 per partecipare uniti e da protagonisti a questa nuova ed entusiasmante sfida\u201d.<\/p>\n<p style=\"text-align: justify;\">\n<div class=\"radio-posizionamento-telefono-in-articoli-dopo-il-contenuto-articolo radio-entity-placement\" id=\"radio-1822233629\"><div id=\"radio-4259438735\"><a href=\"https:\/\/www.simeoneceramiche.com\/\" aria-label=\"SIMEONE CERAMICHE GIF animata per radioluna_Tavola disegno 1 copia 2 (online-video-cutter.com)\"><img loading=\"lazy\" decoding=\"async\" src=\"https:\/\/www.radioluna.it\/news\/wp-content\/uploads\/2025\/05\/SIMEONE-CERAMICHE-GIF-animata-per-radioluna_Tavola-disegno-1-copia-2-online-video-cutter.com_.gif\" alt=\"\"  width=\"300\" height=\"250\"   \/><\/a><\/div><\/div>","protected":false},"excerpt":{"rendered":"<p>LATINA &#8211; Salta l\u2019allenamento congiunto tra Latina Calcio 1932 di mister Di Donato e l&#8217;Aprilia Calcio di Ruben Olivera. La partita, prevista per sabato 13 alle ore 18\u00a0 al Francioni \u00e8 stata annullata per una decisione indipendente dalla volont\u00e0 del club nerazzurro. Il\u00a0 nuovo programma di allenamento della squadra nerazzurra prevede dunque una partitella in [&hellip;]<\/p>\n","protected":false},"author":5430,"featured_media":316011,"comment_status":"open","ping_status":"open","sticky":false,"template":"","format":"standard","meta":{"footnotes":""},"categories":[17],"tags":[],"class_list":["post-316004","post","type-post","status-publish","format-standard","has-post-thumbnail","hentry","category-sport"],"_links":{"self":[{"href":"https:\/\/www.radioluna.it\/news\/wp-json\/wp\/v2\/posts\/316004","targetHints":{"allow":["GET"]}}],"collection":[{"href":"https:\/\/www.radioluna.it\/news\/wp-json\/wp\/v2\/posts"}],"about":[{"href":"https:\/\/www.radioluna.it\/news\/wp-json\/wp\/v2\/types\/post"}],"author":[{"embeddable":true,"href":"https:\/\/www.radioluna.it\/news\/wp-json\/wp\/v2\/users\/5430"}],"replies":[{"embeddable":true,"href":"https:\/\/www.radioluna.it\/news\/wp-json\/wp\/v2\/comments?post=316004"}],"version-history":[{"count":0,"href":"https:\/\/www.radioluna.it\/news\/wp-json\/wp\/v2\/posts\/316004\/revisions"}],"wp:featuredmedia":[{"embeddable":true,"href":"https:\/\/www.radioluna.it\/news\/wp-json\/wp\/v2\/media\/316011"}],"wp:attachment":[{"href":"https:\/\/www.radioluna.it\/news\/wp-json\/wp\/v2\/media?parent=316004"}],"wp:term":[{"taxonomy":"category","embeddable":true,"href":"https:\/\/www.radioluna.it\/news\/wp-json\/wp\/v2\/categories?post=316004"},{"taxonomy":"post_tag","embeddable":true,"href":"https:\/\/www.radioluna.it\/news\/wp-json\/wp\/v2\/tags?post=316004"}],"curies":[{"name":"wp","href":"https:\/\/api.w.org\/{rel}","templated":true}]}}