{"id":316039,"date":"2022-08-12T13:13:46","date_gmt":"2022-08-12T11:13:46","guid":{"rendered":"https:\/\/www.radioluna.it\/news\/?p=316039"},"modified":"2022-08-12T13:14:32","modified_gmt":"2022-08-12T11:14:32","slug":"consiglio-provinciale-surroga-per-campagna-de-amicis-e-muzio","status":"publish","type":"post","link":"https:\/\/www.radioluna.it\/news\/2022\/08\/consiglio-provinciale-surroga-per-campagna-de-amicis-e-muzio\/","title":{"rendered":"Consiglio provinciale, surroga per Campagna, De Amicis e Muzio"},"content":{"rendered":"<div id=\"fb-root\"><\/div>\n<p style=\"text-align: justify;\"><strong>LATINA<\/strong> &#8211; Si \u00e8 aperto con un minuto di raccoglimento per il politico Romolo Del Balzo recentemente scomparso, su proposta del presidente Gerardo Stefanelli, il consiglio provinciale di Latina che \u00e8 poi proseguito con l&#8217;approvazione\u00a0 di tutti i punti all&#8217;ordine del giorno.<br \/>\nDopo aver respinto la richiesta del consigliere di Fratelli d\u2019Italia Pasquale Cardillo Cupo di rinviare la seduta per evitare eventuali nuovi ricorsi da parte dei tre consiglieri comunali di Latina (De Amicis, Campagna e Muzio) decaduti anche dalla carica di consiglieri provinciali, sono stati approvati gli atti di surroga dei sei consiglieri provinciali di Latina e Terracina decaduti per ragioni diverse, e contestuale convalida di quelli subentrati: Annalisa Muzio sostituita da Anna Ciccarelli;\u00a0 Valeria Campagna sostituita da Vincenzo Giovannini; Enzo De Amicis sostituito da Luca Magliozzi;\u00a0 Barbara Carinci da Elio Sarracino;\u00a0 Ilaria Marangoni da Luigi Vocella; \u00a0Sara Norcia sostituita da Franco Cardinale.<\/p>\n<p style=\"text-align: justify;\">Il Consiglio ha inoltre approvato il riconoscimento di legittimit\u00e0 di alcuni debiti fuori bilancio: il debito con la Vetor per il servizio di navigazione con le Isole Pontine per un ammontare di un milione e 399mila euro; il debito derivante dalla sentenza a favore della Aster Costruzioni edili nell\u2019ambito della realizzazione dell\u2019istituto \u2018Sani\u2019 per un ammontare di un milione e 596mila euro, cifra la met\u00e0 della quale sar\u00e0 richiesta al Comune di Latina per la parte di sua competenza. Infine \u00e8 stata riconosciuta la legittimit\u00e0 di un debito fuori bilancio per 49.556 euro relativi a risarcimenti danni per sinistri stradali.<\/p>\n<div class=\"radio-posizionamento-telefono-in-articoli-dopo-il-contenuto-articolo radio-entity-placement\" id=\"radio-3110387837\"><div id=\"radio-3310869036\"><a href=\"https:\/\/www.simeoneceramiche.com\/\" aria-label=\"SIMEONE CERAMICHE GIF animata per radioluna_Tavola disegno 1 copia 2 (online-video-cutter.com)\"><img loading=\"lazy\" decoding=\"async\" src=\"https:\/\/www.radioluna.it\/news\/wp-content\/uploads\/2025\/05\/SIMEONE-CERAMICHE-GIF-animata-per-radioluna_Tavola-disegno-1-copia-2-online-video-cutter.com_.gif\" alt=\"\"  width=\"300\" height=\"250\"   \/><\/a><\/div><\/div>","protected":false},"excerpt":{"rendered":"<p>LATINA &#8211; Si \u00e8 aperto con un minuto di raccoglimento per il politico Romolo Del Balzo recentemente scomparso, su proposta del presidente Gerardo Stefanelli, il consiglio provinciale di Latina che \u00e8 poi proseguito con l&#8217;approvazione\u00a0 di tutti i punti all&#8217;ordine del giorno. Dopo aver respinto la richiesta del consigliere di Fratelli d\u2019Italia Pasquale Cardillo Cupo [&hellip;]<\/p>\n","protected":false},"author":60,"featured_media":316041,"comment_status":"open","ping_status":"open","sticky":false,"template":"","format":"standard","meta":{"footnotes":""},"categories":[8],"tags":[],"class_list":["post-316039","post","type-post","status-publish","format-standard","has-post-thumbnail","hentry","category-politica"],"_links":{"self":[{"href":"https:\/\/www.radioluna.it\/news\/wp-json\/wp\/v2\/posts\/316039","targetHints":{"allow":["GET"]}}],"collection":[{"href":"https:\/\/www.radioluna.it\/news\/wp-json\/wp\/v2\/posts"}],"about":[{"href":"https:\/\/www.radioluna.it\/news\/wp-json\/wp\/v2\/types\/post"}],"author":[{"embeddable":true,"href":"https:\/\/www.radioluna.it\/news\/wp-json\/wp\/v2\/users\/60"}],"replies":[{"embeddable":true,"href":"https:\/\/www.radioluna.it\/news\/wp-json\/wp\/v2\/comments?post=316039"}],"version-history":[{"count":0,"href":"https:\/\/www.radioluna.it\/news\/wp-json\/wp\/v2\/posts\/316039\/revisions"}],"wp:featuredmedia":[{"embeddable":true,"href":"https:\/\/www.radioluna.it\/news\/wp-json\/wp\/v2\/media\/316041"}],"wp:attachment":[{"href":"https:\/\/www.radioluna.it\/news\/wp-json\/wp\/v2\/media?parent=316039"}],"wp:term":[{"taxonomy":"category","embeddable":true,"href":"https:\/\/www.radioluna.it\/news\/wp-json\/wp\/v2\/categories?post=316039"},{"taxonomy":"post_tag","embeddable":true,"href":"https:\/\/www.radioluna.it\/news\/wp-json\/wp\/v2\/tags?post=316039"}],"curies":[{"name":"wp","href":"https:\/\/api.w.org\/{rel}","templated":true}]}}