{"id":316098,"date":"2022-08-13T13:37:41","date_gmt":"2022-08-13T11:37:41","guid":{"rendered":"https:\/\/www.radioluna.it\/news\/?p=316098"},"modified":"2022-08-13T13:38:18","modified_gmt":"2022-08-13T11:38:18","slug":"latina-calcio-1932-partitella-nerazzurra-allex-fulgorcavi-per-chiudere-la-quarta-settimana-di-ritiro","status":"publish","type":"post","link":"https:\/\/www.radioluna.it\/news\/2022\/08\/latina-calcio-1932-partitella-nerazzurra-allex-fulgorcavi-per-chiudere-la-quarta-settimana-di-ritiro\/","title":{"rendered":"Partitella nerazzurra all&#8217;ex Fulgorcavi per chiudere la quarta settimana di ritiro"},"content":{"rendered":"<div id=\"fb-root\"><\/div>\n<p><iframe loading=\"lazy\" title=\"Mister Di Donato, il commento al termine della quarta settimana del ritiro nerazzurro\" width=\"740\" height=\"416\" src=\"https:\/\/www.youtube.com\/embed\/QL9LQCv9D00?feature=oembed\" frameborder=\"0\" allow=\"accelerometer; autoplay; clipboard-write; encrypted-media; gyroscope; picture-in-picture; web-share\" referrerpolicy=\"strict-origin-when-cross-origin\" allowfullscreen><\/iframe><\/p>\n<p style=\"text-align: justify;\"><strong>LATINA &#8211; <\/strong>La quarta settimana di ritiro del Latina si \u00e8 conclusa con una partitella in famiglia presso i campi della ex Fulgorcavi, in sostituzione dell\u2019allenamento congiunto saltato, nostro malgrado, contro l\u2019Aprilia Calcio.<\/p>\n<p style=\"text-align: justify;\">Il tecnico Daniele Di Donato, insieme con tutto il suo staff, ha optato per una intensa sessione di allenamento mattutina, resa ancora pi\u00f9 difficile dalla pesantezza del campo vista l\u2019abbondante pioggia caduta. In questo modo, la squadra continua a lavorare sodo sia sotto l\u2019aspetto tattico con esercitazioni specifiche, ma anche a livello fisico, per mettere altra benzina nelle gambe dei giocatori in vista delle prime partite ufficiali.<\/p>\n<p style=\"text-align: justify;\">Dopo questa seduta, il mister conceder\u00e0 ai suoi ragazzi delle giornate di riposo. Infatti, il Latina riprender\u00e0 gli allenamenti da mercoled\u00ec 17 agosto, per una nuova settimana di ritiro.<\/p>\n<p style=\"text-align: justify;\">Con l\u2019occasione, tutta la societ\u00e0 Latina Calcio 1932 ci tiene ad augurare un buon Ferragosto a tutti i suoi tifosi.<\/p>\n<div class=\"radio-posizionamento-telefono-in-articoli-dopo-il-contenuto-articolo radio-entity-placement\" id=\"radio-442263853\"><div id=\"radio-3102719847\"><a href=\"https:\/\/www.simeoneceramiche.com\/\" aria-label=\"SIMEONE CERAMICHE GIF animata per radioluna_Tavola disegno 1 copia 2 (online-video-cutter.com)\"><img loading=\"lazy\" decoding=\"async\" src=\"https:\/\/www.radioluna.it\/news\/wp-content\/uploads\/2025\/05\/SIMEONE-CERAMICHE-GIF-animata-per-radioluna_Tavola-disegno-1-copia-2-online-video-cutter.com_.gif\" alt=\"\"  width=\"300\" height=\"250\"   \/><\/a><\/div><\/div>","protected":false},"excerpt":{"rendered":"<p>LATINA &#8211; La quarta settimana di ritiro del Latina si \u00e8 conclusa con una partitella in famiglia presso i campi della ex Fulgorcavi, in sostituzione dell\u2019allenamento congiunto saltato, nostro malgrado, contro l\u2019Aprilia Calcio. Il tecnico Daniele Di Donato, insieme con tutto il suo staff, ha optato per una intensa sessione di allenamento mattutina, resa ancora [&hellip;]<\/p>\n","protected":false},"author":5430,"featured_media":316099,"comment_status":"open","ping_status":"open","sticky":false,"template":"","format":"standard","meta":{"footnotes":""},"categories":[17],"tags":[],"class_list":["post-316098","post","type-post","status-publish","format-standard","has-post-thumbnail","hentry","category-sport"],"_links":{"self":[{"href":"https:\/\/www.radioluna.it\/news\/wp-json\/wp\/v2\/posts\/316098","targetHints":{"allow":["GET"]}}],"collection":[{"href":"https:\/\/www.radioluna.it\/news\/wp-json\/wp\/v2\/posts"}],"about":[{"href":"https:\/\/www.radioluna.it\/news\/wp-json\/wp\/v2\/types\/post"}],"author":[{"embeddable":true,"href":"https:\/\/www.radioluna.it\/news\/wp-json\/wp\/v2\/users\/5430"}],"replies":[{"embeddable":true,"href":"https:\/\/www.radioluna.it\/news\/wp-json\/wp\/v2\/comments?post=316098"}],"version-history":[{"count":0,"href":"https:\/\/www.radioluna.it\/news\/wp-json\/wp\/v2\/posts\/316098\/revisions"}],"wp:featuredmedia":[{"embeddable":true,"href":"https:\/\/www.radioluna.it\/news\/wp-json\/wp\/v2\/media\/316099"}],"wp:attachment":[{"href":"https:\/\/www.radioluna.it\/news\/wp-json\/wp\/v2\/media?parent=316098"}],"wp:term":[{"taxonomy":"category","embeddable":true,"href":"https:\/\/www.radioluna.it\/news\/wp-json\/wp\/v2\/categories?post=316098"},{"taxonomy":"post_tag","embeddable":true,"href":"https:\/\/www.radioluna.it\/news\/wp-json\/wp\/v2\/tags?post=316098"}],"curies":[{"name":"wp","href":"https:\/\/api.w.org\/{rel}","templated":true}]}}