{"id":316212,"date":"2022-08-17T11:38:07","date_gmt":"2022-08-17T09:38:07","guid":{"rendered":"https:\/\/www.radioluna.it\/news\/?p=316212"},"modified":"2022-08-17T12:23:07","modified_gmt":"2022-08-17T10:23:07","slug":"a-fondi-tutto-pronto-per-la-notte-bianca-nel-centro-storico-il-programma","status":"publish","type":"post","link":"https:\/\/www.radioluna.it\/news\/2022\/08\/a-fondi-tutto-pronto-per-la-notte-bianca-nel-centro-storico-il-programma\/","title":{"rendered":"A Fondi tutto pronto per la Notte Bianca nel centro storico  &#8211; IL PROGRAMMA"},"content":{"rendered":"<div id=\"fb-root\"><\/div>\n<p style=\"text-align: justify;\"><strong>FONDI<\/strong> &#8211; Procede a vele spiegate l\u2019organizzazione della Notte Bianca che, dopo due anni di stop dovuti alla pandemia, torna venerd\u00ec 19 agosto a Fondi con tante novit\u00e0 ed eventi per grandi e piccini. A dare il via alle danze, sar\u00e0 un laser show in Piazza Unit\u00e0 d\u2019Italia: luci, colori e l\u2019atmosfera delle grandi occasioni prepareranno il pubblico al tradizionale incendio del Castello Caetani. Subito dopo avranno inizio i vari eventi dislocati in nove distinte zone del centro. In Piazza De Gasperi, per esempio, ci sar\u00e0 un\u2019area dedicata ai bambini che, con l\u2019avanzare della notte, si trasformer\u00e0 nella location ideale per un concerto rock con i pi\u00f9 grandi successi degli anni \u201970, \u201980 e \u201990 eseguiti e interpretati dalla band \u201cContatto Zero\u201d. Non mancheranno stand enogastronomici e angoli per sorseggiare un cocktail o un drink.<\/p>\n<p style=\"text-align: justify;\">Un altro momento clou della Notte Bianca d\u2019Estate sar\u00e0 lo spettacolo di Gianluca Giugliarelli, un\u2019icona della comicit\u00e0 divenuto famoso sul piccolo schermo grazie al programma televisivo \u201cMade in Sud\u201d. Stand enogastronomici e cover band anche in Piazza Giacomo Matteotti dove con il gruppo \u201cIn pieno rock &amp; roll\u201d si canteranno a squarcia gola i grandi successi di Ligabue. A seguire musica e divertimento con il Dj Set di Nicola Rosa. Piazza Duomo far\u00e0 invece un viaggio nel tempo, dagli anni \u201960 ad oggi, con gli \u201cScripta Manent\u201d: a fare da cornice al concerto saranno, oltre agli stand dell\u2019economia del mare, anche gli angoli dedicati al Mof e alla promozione istituzionale e turistica del territorio. Il viaggio musicale attraverso il suggestivo centro storico della citt\u00e0 di Fondi, proseguir\u00e0 in Piazza della Repubblica, dinnanzi la chiesa di Santa Maria, con gli \u201cIt Floyd\u201d, ormai famosissimi tra i fan del gruppo rock britannico, e con la cover band dei Nomadi che suoner\u00e0 invece in Viale della Libert\u00e0. Largo ai giovani in via Toniolo con dj set \u201cFroud Tha System\u201d. A concludere la carrellata di eventi organizzati in occasione della Notte Bianca d\u2019Estate, elencati non certo in ordine di importanza, sar\u00e0 lo spettacolo musicale \u201cFigli delle Stelle\u201d che prender\u00e0 forma in Corso Italia.<\/p>\n<p style=\"text-align: justify;\">\u00abAbbiamo cercato di mettere a punto un programma adatto a tutte le et\u00e0 \u2013 spiegano il sindaco di Fondi Beniamino Maschietto, l\u2019assessore alla Cultura e al Turismo Vincenzo Carnevale e il presidente dell\u2019omologa commissione Cristian Peppe \u2013 diversificando il pi\u00f9 possibile le location, cos\u00ec da favorire il passeggio in maniera sicura e ariosa, ma anche i generi musicali. Si potr\u00e0 sostanzialmente percorrere il centro storico facendo un vero e proprio viaggio nel tempo che spazier\u00e0 dalla musica di una volta a quella dei giorni nostri\u00bb.<\/p>\n<p style=\"text-align: justify;\">\u00abSar\u00e0 una grande festa ma anche una importante occasione commerciale \u2013 aggiunge l\u2019assessore alle Attivit\u00e0 Produttive Stefania Stravato \u2013 tutti i negozi saranno aperti mentre locali aderenti proporranno men\u00f9 a misura di notte bianca\u00bb.<\/p>\n<p style=\"text-align: justify;\">L\u2019evento \u00e8 organizzato con il patrocinio della Camera di Commercio di Latina e Frosinone e dell\u2019azienda speciale informare e la collaborazione della ConfCommercio Lazio Sud il cui supporto \u00e8 stato prezioso per il coordinamento di tutte le attivit\u00e0 commerciali del centro.<\/p>\n<p style=\"text-align: justify;\">Aree parcheggio<\/p>\n<p>Per i cittadini provenienti dalle contrade periferiche, dal litorale o da altri comuni i parcheggi a disposizione saranno tre:<\/p>\n<p>via Mola di Santa Maria: parcheggio del palazzetto dello \u00a0sport e parcheggio dell\u2019area mercatale<br \/>\nvia Filippo Turati: sar\u00e0 eccezionalmente aperto il cortile della scuola \u201cAlfredo Aspri\u201d che sar\u00e0 presidiato dalle associazioni di protezione civile<br \/>\nvia Arnale Rosso: parcheggio antistante lo stadio comunale<\/p>\n<p><strong>IL PROGRAMMA\u00a0<\/strong><\/p>\n<p>21:30 &#8211; Piazza Unit\u00e0 d\u2019Italia &#8211; Laser show e incendio al Castello<\/p>\n<p>22:15 &#8211; Piazza IV Novembre &#8211; Spettacolo comico di Gianluca Giugliarelli<\/p>\n<p>20:30 \u2013 Piazza De Gasperi \u2013 Area spettacolo bambini<\/p>\n<p>23:00 &#8211; Piazza De Gasperi &#8211; Cover Band Contatto Zero (rock anni \u201870-\u201880-\u201990)<\/p>\n<p>23:00 &#8211; Piazza Matteotti &#8211; In pieno rock &amp; roll (Ligabue)<\/p>\n<p>00:00 &#8211; Piazza Matteotti &#8211; Dj Set Nicola Rosa<\/p>\n<p>23:00 &#8211; Piazza Duomo &#8211; Scripta Manent (dagli anni 60 ad oggi)<\/p>\n<p>23:00 &#8211; Piazza della Repubblica &#8211; It Floyd<\/p>\n<p>22:30 &#8211; Viale della Libert\u00e0 &#8211; Cover Band Nomadi<\/p>\n<p>22:30 &#8211; Largo Toniolo &#8211; Dj set music selection by Froud Tha System<\/p>\n<p>22:30 &#8211; Corso Italia &#8211; Spettacolo musicale \u201cFigli delle Stelle\u201d<\/p>\n<p>00:00 &#8211; Live show dj set Stefano Cocco &#8211; Emanuele Labbadia<\/p>\n<p>&nbsp;<\/p>\n<p>&nbsp;<\/p>\n<p>&nbsp;<\/p>\n<div class=\"radio-posizionamento-telefono-in-articoli-dopo-il-contenuto-articolo radio-entity-placement\" id=\"radio-1433283295\"><div id=\"radio-1953908488\" style=\"width: 300px;height: 250px;\"><a href=\"https:\/\/www.icarspa.it\/auto\/usate\/latina\/\" aria-label=\"banner aprile icar new life &#8211; auto usate latina\"><img loading=\"lazy\" decoding=\"async\" src=\"https:\/\/www.radioluna.it\/news\/wp-content\/uploads\/2026\/02\/banner-aprile-icar-new-life-auto-usate-latina.gif\" alt=\"\"  width=\"300\" height=\"250\"   \/><\/a><\/div><\/div>","protected":false},"excerpt":{"rendered":"<p>FONDI &#8211; Procede a vele spiegate l\u2019organizzazione della Notte Bianca che, dopo due anni di stop dovuti alla pandemia, torna venerd\u00ec 19 agosto a Fondi con tante novit\u00e0 ed eventi per grandi e piccini. A dare il via alle danze, sar\u00e0 un laser show in Piazza Unit\u00e0 d\u2019Italia: luci, colori e l\u2019atmosfera delle grandi occasioni [&hellip;]<\/p>\n","protected":false},"author":60,"featured_media":316224,"comment_status":"open","ping_status":"open","sticky":false,"template":"","format":"standard","meta":{"footnotes":""},"categories":[16],"tags":[],"class_list":["post-316212","post","type-post","status-publish","format-standard","has-post-thumbnail","hentry","category-appuntamenti"],"_links":{"self":[{"href":"https:\/\/www.radioluna.it\/news\/wp-json\/wp\/v2\/posts\/316212","targetHints":{"allow":["GET"]}}],"collection":[{"href":"https:\/\/www.radioluna.it\/news\/wp-json\/wp\/v2\/posts"}],"about":[{"href":"https:\/\/www.radioluna.it\/news\/wp-json\/wp\/v2\/types\/post"}],"author":[{"embeddable":true,"href":"https:\/\/www.radioluna.it\/news\/wp-json\/wp\/v2\/users\/60"}],"replies":[{"embeddable":true,"href":"https:\/\/www.radioluna.it\/news\/wp-json\/wp\/v2\/comments?post=316212"}],"version-history":[{"count":0,"href":"https:\/\/www.radioluna.it\/news\/wp-json\/wp\/v2\/posts\/316212\/revisions"}],"wp:featuredmedia":[{"embeddable":true,"href":"https:\/\/www.radioluna.it\/news\/wp-json\/wp\/v2\/media\/316224"}],"wp:attachment":[{"href":"https:\/\/www.radioluna.it\/news\/wp-json\/wp\/v2\/media?parent=316212"}],"wp:term":[{"taxonomy":"category","embeddable":true,"href":"https:\/\/www.radioluna.it\/news\/wp-json\/wp\/v2\/categories?post=316212"},{"taxonomy":"post_tag","embeddable":true,"href":"https:\/\/www.radioluna.it\/news\/wp-json\/wp\/v2\/tags?post=316212"}],"curies":[{"name":"wp","href":"https:\/\/api.w.org\/{rel}","templated":true}]}}