{"id":316226,"date":"2022-08-17T11:54:46","date_gmt":"2022-08-17T09:54:46","guid":{"rendered":"https:\/\/www.radioluna.it\/news\/?p=316226"},"modified":"2022-08-17T12:23:45","modified_gmt":"2022-08-17T10:23:45","slug":"a-trentanni-dalluccisione-del-medico-alfredo-fiorini-terracina-lo-ricorda-con-tanti-eventi","status":"publish","type":"post","link":"https:\/\/www.radioluna.it\/news\/2022\/08\/a-trentanni-dalluccisione-del-medico-alfredo-fiorini-terracina-lo-ricorda-con-tanti-eventi\/","title":{"rendered":"A trent&#8217;anni dall&#8217;uccisione del medico Alfredo Fiorini, Terracina lo ricorda con tanti eventi"},"content":{"rendered":"<div id=\"fb-root\"><\/div>\n<p style=\"text-align: justify;\"><strong>TERRACINA<\/strong> &#8211; \u00a0Sono passati 30 anni dalla morte di Alfredo Fiorini,\u00a0 medico, missionario, fratello comboniano terracinese che ha dedicato la sua vita agli ultimi fino a perderne la vita, nel tragico 24 agosto 1992, in Mozambico, vittima di un agguato a causa della guerra civile. Poche settimane dopo il tragico martirio, il 4 ottobre 1992, veniva firmato l\u2019accordo di pace tra le due fazioni in guerra da 17 anni, grazie alla via negoziale favorita dalla Comunit\u00e0 di Sant\u2019Egidio. Matteo Zuppi, allora sacerdote, era tra i membri di Sant\u2019Egidio a condurre l\u2019accordo: proprio in questi giorni, Zuppi, oggi Presidente della CEI, si \u00e8 recato in Mozambico per le celebrazioni dei 30 anni dall\u2019accordo, ricordando che \u201cla pace \u00e8 sempre possibile ed \u00e8 nelle mani di ciascuno\u201d.<\/p>\n<p style=\"text-align: justify;\">&#8220;Un tema caro ad Alfredo e ai tanti terracinesi che nell\u2019ultimo trentennio hanno portato avanti la sua eredit\u00e0 con il supporto alle missioni, alle diverse iniziative di solidariet\u00e0 a favore del popolo mozambicano e dei poveri nonch\u00e9 alle tante attivit\u00e0 di sensibilizzazione sulle questioni della giustizia sociale e dell\u2019uguaglianza tra i popoli&#8221;, ricordano gli organizzatori di una serie di eventi che si terranno per celebrare il trentennale della scomparsa grazie alla collaborazione degli storici amici di scuola di Alfredo fondatori dell\u2019Associazione Alfredo Fiorini e della Parrocchia San Domenico Savio, dove Alfredo \u00e8 cresciuto con la sua famiglia e dove le sue spoglie sono conservate.<\/p>\n<p style=\"text-align: justify;\"><strong>IL PROGRAMMA<\/strong> &#8211; Si comincia il 18 agosto con la presentazione del libro sulle poesie di Alfredo, a cura del fratello Fabio, grazie alla presenza di mons. Giovanni Checchinato, vescovo di San Severo, che ha scritto la prefazione della nuova edizione dell\u2019Editrice Missionaria Italiana.<\/p>\n<p style=\"text-align: justify;\">Nello stesso giorno viene inaugurata la mostra con gli elaborati dei ragazzi delle scuole partecipanti al concorso \u201cSogniamo con Alfredo un mondo migliore\u201d, un progetto che ha coinvolto nello scorso anno scolastico oltre 20 classi delle scuole di Terracina, San Felice Circeo e Latina, e che culminer\u00e0 nella premiazione prevista il 24 agosto.<\/p>\n<p style=\"text-align: justify;\">Per i ragazzi sono previste attivit\u00e0 estive dedicate: il 19 agosto l\u2019osservazione delle stelle al Montuno, il 22 agosto la caccia al tesoro e il villaggio africano il 25 e 27 agosto.<\/p>\n<p style=\"text-align: justify;\">Si camminer\u00e0 con i \u2018giganti\u2019 il 20 agosto alla fonte Santo Stefano, in una passeggiata aperta a tutti, tra natura, storia, musica e poesia, accompagnati dalla musicista Laura Venditti.<\/p>\n<p style=\"text-align: justify;\">La preghiera per la pace nella sera del 23 agosto aprir\u00e0 cos\u00ec le celebrazioni del 24 agosto, con la messa presieduta dal vescovo di Latina Mariano Crociata, la marcia per la pace e la riflessione di padre Giulio Albanese, giornalista e missionario esperto d\u2019Africa. Per una giornata che si concluder\u00e0 al parco Bachelet con la Chicken Production.<\/p>\n<p style=\"text-align: justify;\">Non finiscono invece gli approfondimenti nel segno di Alfredo che ha invocato con la sua vita e le sue parole una societ\u00e0 pi\u00f9 giusta, in cui \u2018il futuro dell\u2019umanit\u00e0 potesse passare proprio dall\u2019Africa\u201d: ci sar\u00e0 il medico di Lampedusa Pietro Bartolo a parlare di migranti insieme al giornalista Luca Attanasio il 28 agosto, il 30 si parler\u00e0 ancora di Africa, tra opportunit\u00e0 e questioni aperte, con Attanasio e il ricercatore dell\u2019Universit\u00e0 di Copenaghen Vincenzo Salvucci, fino al 26 settembre con la presentazione del libro di e con Marco Omizzolo \u201cPer motivi di giustizia\u201d.<\/p>\n<p>&nbsp;<\/p>\n<div class=\"radio-posizionamento-telefono-in-articoli-dopo-il-contenuto-articolo radio-entity-placement\" id=\"radio-2061316816\"><div id=\"radio-3036332497\"><a href=\"https:\/\/www.simeoneceramiche.com\/\" aria-label=\"SIMEONE CERAMICHE GIF animata per radioluna_Tavola disegno 1 copia 2 (online-video-cutter.com)\"><img loading=\"lazy\" decoding=\"async\" src=\"https:\/\/www.radioluna.it\/news\/wp-content\/uploads\/2025\/05\/SIMEONE-CERAMICHE-GIF-animata-per-radioluna_Tavola-disegno-1-copia-2-online-video-cutter.com_.gif\" alt=\"\"  width=\"300\" height=\"250\"   \/><\/a><\/div><\/div>","protected":false},"excerpt":{"rendered":"<p>TERRACINA &#8211; \u00a0Sono passati 30 anni dalla morte di Alfredo Fiorini,\u00a0 medico, missionario, fratello comboniano terracinese che ha dedicato la sua vita agli ultimi fino a perderne la vita, nel tragico 24 agosto 1992, in Mozambico, vittima di un agguato a causa della guerra civile. Poche settimane dopo il tragico martirio, il 4 ottobre 1992, [&hellip;]<\/p>\n","protected":false},"author":60,"featured_media":316227,"comment_status":"open","ping_status":"open","sticky":false,"template":"","format":"standard","meta":{"footnotes":""},"categories":[16],"tags":[],"class_list":["post-316226","post","type-post","status-publish","format-standard","has-post-thumbnail","hentry","category-appuntamenti"],"_links":{"self":[{"href":"https:\/\/www.radioluna.it\/news\/wp-json\/wp\/v2\/posts\/316226","targetHints":{"allow":["GET"]}}],"collection":[{"href":"https:\/\/www.radioluna.it\/news\/wp-json\/wp\/v2\/posts"}],"about":[{"href":"https:\/\/www.radioluna.it\/news\/wp-json\/wp\/v2\/types\/post"}],"author":[{"embeddable":true,"href":"https:\/\/www.radioluna.it\/news\/wp-json\/wp\/v2\/users\/60"}],"replies":[{"embeddable":true,"href":"https:\/\/www.radioluna.it\/news\/wp-json\/wp\/v2\/comments?post=316226"}],"version-history":[{"count":0,"href":"https:\/\/www.radioluna.it\/news\/wp-json\/wp\/v2\/posts\/316226\/revisions"}],"wp:featuredmedia":[{"embeddable":true,"href":"https:\/\/www.radioluna.it\/news\/wp-json\/wp\/v2\/media\/316227"}],"wp:attachment":[{"href":"https:\/\/www.radioluna.it\/news\/wp-json\/wp\/v2\/media?parent=316226"}],"wp:term":[{"taxonomy":"category","embeddable":true,"href":"https:\/\/www.radioluna.it\/news\/wp-json\/wp\/v2\/categories?post=316226"},{"taxonomy":"post_tag","embeddable":true,"href":"https:\/\/www.radioluna.it\/news\/wp-json\/wp\/v2\/tags?post=316226"}],"curies":[{"name":"wp","href":"https:\/\/api.w.org\/{rel}","templated":true}]}}