{"id":316240,"date":"2022-08-17T13:02:15","date_gmt":"2022-08-17T11:02:15","guid":{"rendered":"https:\/\/www.radioluna.it\/news\/?p=316240"},"modified":"2022-08-18T08:12:25","modified_gmt":"2022-08-18T06:12:25","slug":"campagna-elettorale-a-latina-per-le-22-sezioni-annullate-bianchi-clima-surreale","status":"publish","type":"post","link":"https:\/\/www.radioluna.it\/news\/2022\/08\/campagna-elettorale-a-latina-per-le-22-sezioni-annullate-bianchi-clima-surreale\/","title":{"rendered":"Campagna elettorale a Latina per le 22 sezioni annullate, Bianchi: &#8220;Clima surreale&#8221;"},"content":{"rendered":"<div id=\"fb-root\"><\/div>\n<p style=\"text-align: justify;\"><strong>LATINA<\/strong> &#8211; \u201cSurreale, questo \u00e8 il primo aggettivo che mi viene in mente pensando al clima che si respira a Latina in vista delle prossime elezioni del 4 settembre&#8221;.\u00a0 Lo dichiara il presidente di Fare Latina Fabio Bianchi, in un lungo intervento di riflessione, ribadendo quanto gi\u00e0 espresso a nome del movimento politico dalla candidata alla carica di sindaco di Latina, Annalisa Muzio. &#8220;Sono elezioni che lasciano qualche dubbio e che speravamo potessero essere evitate azzerando tutto e tornando al voto in tutte le sezioni &#8211; sottolinea Bianchi &#8211;\u00a0 Ma il nostro appello \u00e8 caduto nel vuoto evidentemente perch\u00e9 le altre forze politiche non avevano interesse a fare rivotare tutta la citt\u00e0. E si vede perch\u00e9 questo, alla fine, \u00e8 il tema di questa campagna elettorale triste, fatta di tanti insulti, molti slogan e davvero poca concretezza&#8221;.<\/p>\n<p style=\"text-align: justify;\"><strong>LA NOTA DI BIANCHI<\/strong> &#8211; &#8220;Assistiamo tutti i giorni ad attacchi del centro destra nei confronti del centro sinistra, Zaccheo contro Coletta, tutti contro tutti, ma del futuro di questa citt\u00e0 nessuno ne parla. Fare Latina, ancora una volta si pone al centro; si pone come movimento formato da cittadini, professionisti, imprenditori, uomini, donne e tanti giovani che hanno la speranza che il prossimo 4 settembre si possa andare a votare per staccare un biglietto per il futuro. Il futuro di una citt\u00e0, la seconda citt\u00e0 del Lazio \u2013 rilancia ancora il coordinatore comunale del movimento Fare Latina \u2013 che ha bisogno di una programmazione a breve e lungo termine per potere finalmente ripartire dal punto di visto economico, dei servizi e del decoro urbano. Abbiamo bisogno di tornare a credere in persone che hanno a cuore il bene della citt\u00e0 mettendo da parte faziosit\u00e0 e litigiosit\u00e0 che non portano a nulla, anzi che affossano ancora di pi\u00f9 il gi\u00e0 precario equilibrio in cui ci troviamo ormai da anni. In questi pochi mesi di consiliatura, andando a posizionarci non a destra o sinistra come molti vogliono fare credere ma nell\u2019unica posizione possibile per potere cercare di lavorare, siamo riusciti a proporre, trovare i fondi e fare approvare, alcuni importanti progetti che erano poi i punti principali del nostro programma elettorale. Eh, gi\u00e0! Programmi elettorali \u2013 aggiunge ancora Fabio Bianchi \u2013 e chi ne parla? Siamo andati a leggere quelli dei nostri avversari politici. Da una parte il copia e incolla del programma di 15 anni fa, dall\u2019altra quello di 7 anni fa pieni di cose mai fatte perch\u00e9 in campagna elettorale si promette di tutto. Peccato che, al contrario, bisognerebbe parlare solo di cose concrete che si \u00e8 sicuri di potere realizzare. I cittadini di Latina sono rimasti scottati; ogni giorno nei vari gruppi della citt\u00e0 su Facebook leggiamo gli sfott\u00f2 sulla metropolitana, il porto, le terme ma anche sul teatro chiuso da diversi anni, sul bello a cui dovevamo abituarci che ancora nessuno vede, sul secondo tempo di una partita mai iniziata. Il 4 settembre, votare Fare Latina, pu\u00f2 volere dire offrire ai cittadini la possibilit\u00e0 di dare pi\u00f9 forza e pi\u00f9 margine per lavorare al meglio a persone che hanno le idee chiare sul futuro di questa citt\u00e0 e che in soli otto mesi sono riusciti a portare a casa ottimi risultati su temi importanti per tutti noi: turismo, valorizzazione e protezione delle nostre coste con la cabina di regia dei comuni costieri grazie alla nostra presenza anche in Provincia, disabilit\u00e0 e inclusione con la spesa in bilancio per il Disability Manager e con l\u2019approvazione del piano per l\u2019eliminazione delle barriere architettoniche e poi il progetto per l\u2019Affido Culturale, l\u2019inserimento in bilancio dei fondi per la realizzazione della Beach Arena, una struttura per il rilancio del lungomare e per ospitare i grandi eventi che speriamo, presto, possano tornare nella nostra citt\u00e0. Una citt\u00e0 vuota, morta dal punto di visto economico con un centro chiuso e negozi in affanno \u2013 continua ancora Fabio Bianchi \u2013 con le imprese e i grandi gruppi che vengono ad investire a pochi chilometri da noi in citt\u00e0 pi\u00f9 piccole della nostra dove per\u00f2, evidentemente, le politiche comunali non bloccano le idee di sviluppo. E noi? Noi continuiamo a sperare che il centro destra esca dal suo mancato rinnovamento e che il centro sinistra capisca che per governare una citt\u00e0 c\u2019\u00e8 bisogno di sapere scegliere, decidere in fretta, investire e sapere superare le lentezze burocratiche cos\u00ec come succede in tante altre citt\u00e0 pi\u00f9 virtuose delle nostra sotto ogni punto di vista. E allora il mio appello \u2013 conclude il coordinatore comunale di Fare Latina \u2013 \u00e8 quello di invitare tutti i cittadini delle 22 sezioni in cui si torner\u00e0 a votare a scegliere il nostro movimento per fare la differenza, per dare ai nostri rappresentanti pi\u00f9 margine di lavoro, pi\u00f9 forza decisionale e pi\u00f9 forza di vigilare ed andare ad incidere sulle decisioni che verranno prese dal prossimo sindaco e dal prossimo consiglio comunale. Usciamo, insieme, da questo stallo di una gestione lenta e senza coraggio, frutto di una eredit\u00e0 di una vecchia politica che non vuole rinnovarsi.\u201d<\/p>\n<div class=\"radio-posizionamento-telefono-in-articoli-dopo-il-contenuto-articolo radio-entity-placement\" id=\"radio-1957195596\"><div id=\"radio-3181483556\"><a href=\"https:\/\/grupporedi.it\/\" aria-label=\"Redi-Qr\"><img loading=\"lazy\" decoding=\"async\" src=\"https:\/\/www.radioluna.it\/news\/wp-content\/uploads\/2026\/03\/Redi-Qr.jpg\" alt=\"\"  srcset=\"https:\/\/www.radioluna.it\/news\/wp-content\/uploads\/2026\/03\/Redi-Qr.jpg 800w, https:\/\/www.radioluna.it\/news\/wp-content\/uploads\/2026\/03\/Redi-Qr-768x639.jpg 768w\" sizes=\"(max-width: 800px) 100vw, 800px\" width=\"300\" height=\"250\"   \/><\/a><\/div><\/div>","protected":false},"excerpt":{"rendered":"<p>LATINA &#8211; \u201cSurreale, questo \u00e8 il primo aggettivo che mi viene in mente pensando al clima che si respira a Latina in vista delle prossime elezioni del 4 settembre&#8221;.\u00a0 Lo dichiara il presidente di Fare Latina Fabio Bianchi, in un lungo intervento di riflessione, ribadendo quanto gi\u00e0 espresso a nome del movimento politico dalla candidata [&hellip;]<\/p>\n","protected":false},"author":60,"featured_media":316241,"comment_status":"open","ping_status":"open","sticky":false,"template":"","format":"standard","meta":{"footnotes":""},"categories":[8],"tags":[],"class_list":["post-316240","post","type-post","status-publish","format-standard","has-post-thumbnail","hentry","category-politica"],"_links":{"self":[{"href":"https:\/\/www.radioluna.it\/news\/wp-json\/wp\/v2\/posts\/316240","targetHints":{"allow":["GET"]}}],"collection":[{"href":"https:\/\/www.radioluna.it\/news\/wp-json\/wp\/v2\/posts"}],"about":[{"href":"https:\/\/www.radioluna.it\/news\/wp-json\/wp\/v2\/types\/post"}],"author":[{"embeddable":true,"href":"https:\/\/www.radioluna.it\/news\/wp-json\/wp\/v2\/users\/60"}],"replies":[{"embeddable":true,"href":"https:\/\/www.radioluna.it\/news\/wp-json\/wp\/v2\/comments?post=316240"}],"version-history":[{"count":0,"href":"https:\/\/www.radioluna.it\/news\/wp-json\/wp\/v2\/posts\/316240\/revisions"}],"wp:featuredmedia":[{"embeddable":true,"href":"https:\/\/www.radioluna.it\/news\/wp-json\/wp\/v2\/media\/316241"}],"wp:attachment":[{"href":"https:\/\/www.radioluna.it\/news\/wp-json\/wp\/v2\/media?parent=316240"}],"wp:term":[{"taxonomy":"category","embeddable":true,"href":"https:\/\/www.radioluna.it\/news\/wp-json\/wp\/v2\/categories?post=316240"},{"taxonomy":"post_tag","embeddable":true,"href":"https:\/\/www.radioluna.it\/news\/wp-json\/wp\/v2\/tags?post=316240"}],"curies":[{"name":"wp","href":"https:\/\/api.w.org\/{rel}","templated":true}]}}