{"id":316250,"date":"2022-08-17T13:36:04","date_gmt":"2022-08-17T11:36:04","guid":{"rendered":"https:\/\/www.radioluna.it\/news\/?p=316250"},"modified":"2022-08-17T13:36:04","modified_gmt":"2022-08-17T11:36:04","slug":"tromba-daria-e-nubifragio-a-latina-europa-verde-ai-comuni-subito-progetto-di-protezione-che-e-anche-occasione-di-lavoro","status":"publish","type":"post","link":"https:\/\/www.radioluna.it\/news\/2022\/08\/tromba-daria-e-nubifragio-a-latina-europa-verde-ai-comuni-subito-progetto-di-protezione-che-e-anche-occasione-di-lavoro\/","title":{"rendered":"Tromba d&#8217;aria e nubifragio a Latina, Europa Verde ai Comuni: &#8220;Subito progetto di protezione che \u00e8 anche occasione di lavoro&#8221;"},"content":{"rendered":"<div id=\"fb-root\"><\/div>\n<p><strong>LATINA &#8211;<\/strong> Dopo gli eventi calamitosi che hanno interessato la provincia di Latina la note di Ferragosto, il coordinamento provinciale di Latina di Europa Verde sottolinea come &#8220;dopo lunghi mesi di caldo e la siccit\u00e0, anche la nostra provincia, dopo Trentino, Irpinia e numerose altre zone d&#8217;italia, \u00e8 stata colpita da nubifragi e trombe d&#8217;aria, che diventano sempre pi\u00f9 frequenti e da cui nessun territorio pu\u00f2 ormai ritenersi immune&#8221;, e sottolinea come &#8220;contro gli eventi meteorologici estremi, causati dalla crisi climatica, \u00e8 indispensabile mettere in sicurezza il nostro territorio e l&#8217;intero Paese, e questa \u00e8 anche un&#8217;occasione eccezionale per rilanciare l&#8217;economia&#8221;.<\/p>\n<p>&#8220;Risulta improcrastinabile\u00a0 &#8211; dicono da Europa verde &#8211; la pianificazione e attuazione di politiche di limitazione, fino all&#8217;azzeramento, delle emissioni di gas serra. L\u2019Italia deve triplicare i propri sforzi di riduzione delle emissioni.. La politica di tutti gli enti amministrativi, dal Governo fino ai Comuni, deve prenderne subito atto di queste evidenze, e agire per tutelare il territorio e i suoi cittadini: in primo luogo, protezione e ampliamento dei boschi, in grado di attenuare la violenza del ruscellamento dell&#8217;acqua, opere di difesa e contenimento zone pi\u00f9 esposte, che non devono consistere in una ulteriore cementificazione, ma basarsi sui criteri dell&#8217;ingegneria naturalistica. Nell&#8217;ambito delle competenze dei Comuni, tolleranza zero per le opere abusive, rielaborazione dei Piani Urbanistici che tenga conto delle nuove condizioni estreme. Un grande progetto di protezione e riqualificazione, una formidabile opportunit\u00e0 in termini di occupazione, di ricerca, di coinvolgimento soprattutto delle piccole e medie imprese attive su tutto il territorio nazionale&#8221;.<\/p>\n<p>L&#8217;invito \u00e8 ad approfittare &#8220;subito delle risorse europee del Recovery Fund per mettere in sicurezza il nostro territorio (Missione 2 Componente 4 del PNRR: \u201cTutela del territorio e della risorsa idrica) &#8220;.<\/p>\n<p>&nbsp;<\/p>\n<div class=\"radio-posizionamento-telefono-in-articoli-dopo-il-contenuto-articolo radio-entity-placement\" id=\"radio-2249827200\"><div id=\"radio-3636955569\"><a href=\"https:\/\/grupporedi.it\/\" aria-label=\"Redi-Qr\"><img loading=\"lazy\" decoding=\"async\" src=\"https:\/\/www.radioluna.it\/news\/wp-content\/uploads\/2026\/03\/Redi-Qr.jpg\" alt=\"\"  srcset=\"https:\/\/www.radioluna.it\/news\/wp-content\/uploads\/2026\/03\/Redi-Qr.jpg 800w, https:\/\/www.radioluna.it\/news\/wp-content\/uploads\/2026\/03\/Redi-Qr-768x639.jpg 768w\" sizes=\"(max-width: 800px) 100vw, 800px\" width=\"300\" height=\"250\"   \/><\/a><\/div><\/div>","protected":false},"excerpt":{"rendered":"<p>LATINA &#8211; Dopo gli eventi calamitosi che hanno interessato la provincia di Latina la note di Ferragosto, il coordinamento provinciale di Latina di Europa Verde sottolinea come &#8220;dopo lunghi mesi di caldo e la siccit\u00e0, anche la nostra provincia, dopo Trentino, Irpinia e numerose altre zone d&#8217;italia, \u00e8 stata colpita da nubifragi e trombe d&#8217;aria, [&hellip;]<\/p>\n","protected":false},"author":60,"featured_media":316252,"comment_status":"open","ping_status":"open","sticky":false,"template":"","format":"standard","meta":{"footnotes":""},"categories":[8],"tags":[],"class_list":["post-316250","post","type-post","status-publish","format-standard","has-post-thumbnail","hentry","category-politica"],"_links":{"self":[{"href":"https:\/\/www.radioluna.it\/news\/wp-json\/wp\/v2\/posts\/316250","targetHints":{"allow":["GET"]}}],"collection":[{"href":"https:\/\/www.radioluna.it\/news\/wp-json\/wp\/v2\/posts"}],"about":[{"href":"https:\/\/www.radioluna.it\/news\/wp-json\/wp\/v2\/types\/post"}],"author":[{"embeddable":true,"href":"https:\/\/www.radioluna.it\/news\/wp-json\/wp\/v2\/users\/60"}],"replies":[{"embeddable":true,"href":"https:\/\/www.radioluna.it\/news\/wp-json\/wp\/v2\/comments?post=316250"}],"version-history":[{"count":0,"href":"https:\/\/www.radioluna.it\/news\/wp-json\/wp\/v2\/posts\/316250\/revisions"}],"wp:featuredmedia":[{"embeddable":true,"href":"https:\/\/www.radioluna.it\/news\/wp-json\/wp\/v2\/media\/316252"}],"wp:attachment":[{"href":"https:\/\/www.radioluna.it\/news\/wp-json\/wp\/v2\/media?parent=316250"}],"wp:term":[{"taxonomy":"category","embeddable":true,"href":"https:\/\/www.radioluna.it\/news\/wp-json\/wp\/v2\/categories?post=316250"},{"taxonomy":"post_tag","embeddable":true,"href":"https:\/\/www.radioluna.it\/news\/wp-json\/wp\/v2\/tags?post=316250"}],"curies":[{"name":"wp","href":"https:\/\/api.w.org\/{rel}","templated":true}]}}