{"id":316263,"date":"2022-08-18T07:39:24","date_gmt":"2022-08-18T05:39:24","guid":{"rendered":"https:\/\/www.radioluna.it\/news\/?p=316263"},"modified":"2022-08-18T07:39:24","modified_gmt":"2022-08-18T05:39:24","slug":"maltempo-procaccini-fdi-solidarieta-e-disponibilita-a-supportare-sindaci-e-comunita-colpite","status":"publish","type":"post","link":"https:\/\/www.radioluna.it\/news\/2022\/08\/maltempo-procaccini-fdi-solidarieta-e-disponibilita-a-supportare-sindaci-e-comunita-colpite\/","title":{"rendered":"Maltempo, Procaccini (Fdi): &#8220;Solidariet\u00e0 e disponibilit\u00e0 a supportare sindaci e comunit\u00e0 colpite&#8221;"},"content":{"rendered":"<div id=\"fb-root\"><\/div>\n<p style=\"text-align: justify;\"><strong>LATINA<\/strong> &#8211; \u201dSono solidale \u00a0con i sindaci e le comunit\u00e0 della provincia di Latina colpite dal maltempo di luned\u00ec e marted\u00ec. A loro esprimo il mio pieno sostegno per l\u2019iniziativa di chiedere lo stato di calamit\u00e0 naturale al fine di poter accedere a quelle iniziative necessarie per attuare le opere di sistemazione del territorio e di supporto a imprese e famiglie che hanno subito danni\u201d. E&#8217; quanto ha dichiarato l\u2019europarlamentare di Fratelli d\u2019Italia-ECR, Nicola Procaccini dopo il tornado che ha causato danni ingenti sul territorio provinciale di Latina.<br \/>\n\u201cIl maltempo cos\u00ec violento e improvviso come si \u00e8 manifestato nel territorio della provincia pontina, colpendo soprattutto le citt\u00e0 di Latina e Sabaudia\u00a0 &#8211; aggiunge &#8211;\u00a0 mi riporta alle drammatiche vicende che ho vissuto direttamente nel 2018, quando la citt\u00e0 di Terracina \u00e8 stata investita da una violentissima tromba d\u2019aria. Accanto al dramma di quei giorni, e al cordoglio per le vittime di quella calamit\u00e0, il mio ricordo va per\u00f2 al grande spirito di collaborazione e di aiuto reciproco che l\u2019intera comunit\u00e0 di Terracina e dintorni: istituzioni, imprese, associazioni, cittadini hanno saputo esprimere contribuendo, ognuno per la propria parte, \u00a0affinch\u00e9 una comunit\u00e0 cos\u00ec terribilmente colpita potesse risollevarsi pienamente e in breve tempo.<br \/>\nNel mio ruolo istituzionale e da ex sindaco che ha vissuto e affrontato quei momenti drammatici, sono a disposizione dei primi cittadini e delle comunit\u00e0 colpite dal maltempo di questi giorni, auspicando che possano esprimere quello steso \u00a0spirito di collaborazione di cui Terracina \u00e8 stata capace \u201d.<\/p>\n<div class=\"radio-posizionamento-telefono-in-articoli-dopo-il-contenuto-articolo radio-entity-placement\" id=\"radio-3458278976\"><div id=\"radio-3824735500\"><a href=\"https:\/\/grupporedi.it\/\" aria-label=\"Redi-Qr\"><img loading=\"lazy\" decoding=\"async\" src=\"https:\/\/www.radioluna.it\/news\/wp-content\/uploads\/2026\/03\/Redi-Qr.jpg\" alt=\"\"  srcset=\"https:\/\/www.radioluna.it\/news\/wp-content\/uploads\/2026\/03\/Redi-Qr.jpg 800w, https:\/\/www.radioluna.it\/news\/wp-content\/uploads\/2026\/03\/Redi-Qr-768x639.jpg 768w\" sizes=\"(max-width: 800px) 100vw, 800px\" width=\"300\" height=\"250\"   \/><\/a><\/div><\/div>","protected":false},"excerpt":{"rendered":"<p>LATINA &#8211; \u201dSono solidale \u00a0con i sindaci e le comunit\u00e0 della provincia di Latina colpite dal maltempo di luned\u00ec e marted\u00ec. A loro esprimo il mio pieno sostegno per l\u2019iniziativa di chiedere lo stato di calamit\u00e0 naturale al fine di poter accedere a quelle iniziative necessarie per attuare le opere di sistemazione del territorio e [&hellip;]<\/p>\n","protected":false},"author":60,"featured_media":316246,"comment_status":"open","ping_status":"open","sticky":false,"template":"","format":"standard","meta":{"footnotes":""},"categories":[8],"tags":[],"class_list":["post-316263","post","type-post","status-publish","format-standard","has-post-thumbnail","hentry","category-politica"],"_links":{"self":[{"href":"https:\/\/www.radioluna.it\/news\/wp-json\/wp\/v2\/posts\/316263","targetHints":{"allow":["GET"]}}],"collection":[{"href":"https:\/\/www.radioluna.it\/news\/wp-json\/wp\/v2\/posts"}],"about":[{"href":"https:\/\/www.radioluna.it\/news\/wp-json\/wp\/v2\/types\/post"}],"author":[{"embeddable":true,"href":"https:\/\/www.radioluna.it\/news\/wp-json\/wp\/v2\/users\/60"}],"replies":[{"embeddable":true,"href":"https:\/\/www.radioluna.it\/news\/wp-json\/wp\/v2\/comments?post=316263"}],"version-history":[{"count":0,"href":"https:\/\/www.radioluna.it\/news\/wp-json\/wp\/v2\/posts\/316263\/revisions"}],"wp:featuredmedia":[{"embeddable":true,"href":"https:\/\/www.radioluna.it\/news\/wp-json\/wp\/v2\/media\/316246"}],"wp:attachment":[{"href":"https:\/\/www.radioluna.it\/news\/wp-json\/wp\/v2\/media?parent=316263"}],"wp:term":[{"taxonomy":"category","embeddable":true,"href":"https:\/\/www.radioluna.it\/news\/wp-json\/wp\/v2\/categories?post=316263"},{"taxonomy":"post_tag","embeddable":true,"href":"https:\/\/www.radioluna.it\/news\/wp-json\/wp\/v2\/tags?post=316263"}],"curies":[{"name":"wp","href":"https:\/\/api.w.org\/{rel}","templated":true}]}}