{"id":316265,"date":"2022-08-18T07:48:35","date_gmt":"2022-08-18T05:48:35","guid":{"rendered":"https:\/\/www.radioluna.it\/news\/?p=316265"},"modified":"2022-08-19T10:14:17","modified_gmt":"2022-08-19T08:14:17","slug":"tragedia-nella-notte-ragazza-di-26-anni-di-aprilia-muore-in-un-locale-di-latina","status":"publish","type":"post","link":"https:\/\/www.radioluna.it\/news\/2022\/08\/tragedia-nella-notte-ragazza-di-26-anni-di-aprilia-muore-in-un-locale-di-latina\/","title":{"rendered":"Tragedia nella notte, ragazza di 26 anni di Aprilia muore mentre balla in un locale di Latina"},"content":{"rendered":"<div id=\"fb-root\"><\/div>\n<p style=\"text-align: justify;\"><strong>LATINA\u00a0<\/strong> &#8211; Tragedia nella notte a Latina dove a El Paso, il noto locale di Borgo Piave, \u00e8 morta improvvisamente una ragazza di Aprilia di 26 anni, mamma di due bambini. Vani i soccorsi. Da quanto si \u00e8 appreso, la giovane stava ballando spensierata quando ha perso i sensi ed \u00e8 caduta. Dalla pista all&#8217;aperto \u00e8 partita subito la richiesta di aiuto, gli altri presenti hanno fatto largo agli addetti alla sicurezza del locale che hanno effettuato le prime manovre di pronto soccorso, mentre la direzione lanciava l&#8217;allarme al 118 con la richiesta di intervento urgente.<\/p>\n<p style=\"text-align: justify;\"><strong>Francesca Testana<\/strong>, che era in compagnia della sorella, per\u00f2, non ha dato alcun segno di ripresa. Sul posto, i sanitari dell&#8217;emergenza hanno poi tentato un lungo intervento di rianimazione prima di dichiarare il decesso della 26enne per arresto cardiocircolatorio. &#8220;E&#8217; stato terribile &#8211;\u00a0 racconta uno dei presenti &#8211; si \u00e8 capito subito che era una cosa grave&#8221;.<\/p>\n<p style=\"text-align: justify;\">Sul posto per gli accertamenti del caso sono arrivati i carabinieri del comando provinciale di Latina che hanno raccolto le testimonianze. Sul decesso la Procura di Latina ha aperto una inchiesta affidata al sostituto procuratore Claudio De Lazzaro. La salma \u00e8 stata trasferita all&#8217;obitorio dell&#8217;ospedale di Latina ora a disposizione dell&#8217;autorit\u00e0 giudiziaria che dovr\u00e0 disporre gli esami necessari a chiarire le cause della morte improvvisa.<\/p>\n","protected":false},"excerpt":{"rendered":"<p>LATINA\u00a0 &#8211; Tragedia nella notte a Latina dove a El Paso, il noto locale di Borgo Piave, \u00e8 morta improvvisamente una ragazza di Aprilia di 26 anni, mamma di due bambini. Vani i soccorsi. Da quanto si \u00e8 appreso, la giovane stava ballando spensierata quando ha perso i sensi ed \u00e8 caduta. Dalla pista all&#8217;aperto [&hellip;]<\/p>\n","protected":false},"author":62,"featured_media":264259,"comment_status":"open","ping_status":"open","sticky":false,"template":"","format":"standard","meta":{"footnotes":""},"categories":[7],"tags":[],"class_list":["post-316265","post","type-post","status-publish","format-standard","has-post-thumbnail","hentry","category-cronaca"],"_links":{"self":[{"href":"https:\/\/www.radioluna.it\/news\/wp-json\/wp\/v2\/posts\/316265","targetHints":{"allow":["GET"]}}],"collection":[{"href":"https:\/\/www.radioluna.it\/news\/wp-json\/wp\/v2\/posts"}],"about":[{"href":"https:\/\/www.radioluna.it\/news\/wp-json\/wp\/v2\/types\/post"}],"author":[{"embeddable":true,"href":"https:\/\/www.radioluna.it\/news\/wp-json\/wp\/v2\/users\/62"}],"replies":[{"embeddable":true,"href":"https:\/\/www.radioluna.it\/news\/wp-json\/wp\/v2\/comments?post=316265"}],"version-history":[{"count":0,"href":"https:\/\/www.radioluna.it\/news\/wp-json\/wp\/v2\/posts\/316265\/revisions"}],"wp:featuredmedia":[{"embeddable":true,"href":"https:\/\/www.radioluna.it\/news\/wp-json\/wp\/v2\/media\/264259"}],"wp:attachment":[{"href":"https:\/\/www.radioluna.it\/news\/wp-json\/wp\/v2\/media?parent=316265"}],"wp:term":[{"taxonomy":"category","embeddable":true,"href":"https:\/\/www.radioluna.it\/news\/wp-json\/wp\/v2\/categories?post=316265"},{"taxonomy":"post_tag","embeddable":true,"href":"https:\/\/www.radioluna.it\/news\/wp-json\/wp\/v2\/tags?post=316265"}],"curies":[{"name":"wp","href":"https:\/\/api.w.org\/{rel}","templated":true}]}}