{"id":316323,"date":"2022-08-21T12:56:45","date_gmt":"2022-08-21T10:56:45","guid":{"rendered":"https:\/\/www.radioluna.it\/news\/?p=316323"},"modified":"2022-08-25T12:03:55","modified_gmt":"2022-08-25T10:03:55","slug":"tutto-pronto-per-il-festival-internazionale-sermoneta-in-folklore","status":"publish","type":"post","link":"https:\/\/www.radioluna.it\/news\/2022\/08\/tutto-pronto-per-il-festival-internazionale-sermoneta-in-folklore\/","title":{"rendered":"Tutto pronto per il Festival internazionale \u201cSermoneta in folklore\u201d"},"content":{"rendered":"<div id=\"fb-root\"><\/div>\n<p style=\"text-align: justify;\"><strong><img loading=\"lazy\" decoding=\"async\" class=\"alignnone size-full wp-image-316325\" src=\"https:\/\/www.radioluna.it\/news\/wp-content\/uploads\/2022\/08\/folk-2.jpg\" alt=\"\" width=\"1733\" height=\"1222\" srcset=\"https:\/\/www.radioluna.it\/news\/wp-content\/uploads\/2022\/08\/folk-2.jpg 1733w, https:\/\/www.radioluna.it\/news\/wp-content\/uploads\/2022\/08\/folk-2-768x542.jpg 768w, https:\/\/www.radioluna.it\/news\/wp-content\/uploads\/2022\/08\/folk-2-1536x1083.jpg 1536w\" sizes=\"auto, (max-width: 1733px) 100vw, 1733px\" \/>SERMONETA<\/strong> &#8211;\u00a0 Sermoneta diventa palcoscenico mondiale per la sesta edizione del Festival internazionale \u201cSermoneta in folklore\u201d, che ospiter\u00e0 gruppi provenienti da vari paesi del mondo nel segno dello scambio culturale e della passione per la cultura tradizionale.<br \/>\n&#8220;Daremo il benvenuto, dal 23 al 28 agosto, ai gruppi provenienti da Serbia, Colombia Paraguay e Italia, rappresentanti di diverse culture, lanciando un messaggio di pace e di collaborazione tra i popoli in un momento in cui i conflitti e le tensioni internazionali stanno condizionando la nostra vita. Il Festival ribadisce la necessit\u00e0 di fratellanza tra i popoli\u201d, dice la sindaca, Giuseppina Giovannoli.<br \/>\nLa manifestazione \u00e8 organizzata dall&#8217;Amministrazione comunale di Sermoneta e dall&#8217;associazione Sbandieratori Ducato Caetani, ambasciatori del folklore nel mondo che stanno curando ogni aspetto dell&#8217;organizzazione, con il contributo del Comune di Sermoneta e della Regione Lazio.<\/p>\n<p style=\"text-align: justify;\">Si parte marted\u00ec 23 agosto con l&#8217;inaugurazione del festival alle ore 21 al Belvedere di Sermoneta. Mercoled\u00ec 24 le esibizioni saranno in piazza del Popolo, mentre gioved\u00ec 25 agosto la manifestazione si trasferir\u00e0 nel piazzale antistante l\u2019abbazia di Valvisciolo. Venerd\u00ec 26 agosto l\u2019incontro delle delegazioni mondiali sempre in piazza del Popolo, mentre il sabato il festival \u00e8 in \u201ctrasferta\u201d a Nettuno. Gran finale domenica 28 agosto a Sermoneta, alle 21 al Belvedere. L&#8217;ingresso \u00e8 gratuito.<\/p>\n<div class=\"radio-posizionamento-telefono-in-articoli-dopo-il-contenuto-articolo radio-entity-placement\" id=\"radio-3303618569\"><div id=\"radio-3049801242\"><a href=\"https:\/\/grupporedi.it\/\" aria-label=\"Redi-Qr\"><img loading=\"lazy\" decoding=\"async\" src=\"https:\/\/www.radioluna.it\/news\/wp-content\/uploads\/2026\/03\/Redi-Qr.jpg\" alt=\"\"  srcset=\"https:\/\/www.radioluna.it\/news\/wp-content\/uploads\/2026\/03\/Redi-Qr.jpg 800w, https:\/\/www.radioluna.it\/news\/wp-content\/uploads\/2026\/03\/Redi-Qr-768x639.jpg 768w\" sizes=\"(max-width: 800px) 100vw, 800px\" width=\"300\" height=\"250\"   \/><\/a><\/div><\/div>","protected":false},"excerpt":{"rendered":"<p>SERMONETA &#8211;\u00a0 Sermoneta diventa palcoscenico mondiale per la sesta edizione del Festival internazionale \u201cSermoneta in folklore\u201d, che ospiter\u00e0 gruppi provenienti da vari paesi del mondo nel segno dello scambio culturale e della passione per la cultura tradizionale. &#8220;Daremo il benvenuto, dal 23 al 28 agosto, ai gruppi provenienti da Serbia, Colombia Paraguay e Italia, rappresentanti [&hellip;]<\/p>\n","protected":false},"author":60,"featured_media":316324,"comment_status":"open","ping_status":"open","sticky":false,"template":"","format":"standard","meta":{"footnotes":""},"categories":[16],"tags":[],"class_list":["post-316323","post","type-post","status-publish","format-standard","has-post-thumbnail","hentry","category-appuntamenti"],"_links":{"self":[{"href":"https:\/\/www.radioluna.it\/news\/wp-json\/wp\/v2\/posts\/316323","targetHints":{"allow":["GET"]}}],"collection":[{"href":"https:\/\/www.radioluna.it\/news\/wp-json\/wp\/v2\/posts"}],"about":[{"href":"https:\/\/www.radioluna.it\/news\/wp-json\/wp\/v2\/types\/post"}],"author":[{"embeddable":true,"href":"https:\/\/www.radioluna.it\/news\/wp-json\/wp\/v2\/users\/60"}],"replies":[{"embeddable":true,"href":"https:\/\/www.radioluna.it\/news\/wp-json\/wp\/v2\/comments?post=316323"}],"version-history":[{"count":0,"href":"https:\/\/www.radioluna.it\/news\/wp-json\/wp\/v2\/posts\/316323\/revisions"}],"wp:featuredmedia":[{"embeddable":true,"href":"https:\/\/www.radioluna.it\/news\/wp-json\/wp\/v2\/media\/316324"}],"wp:attachment":[{"href":"https:\/\/www.radioluna.it\/news\/wp-json\/wp\/v2\/media?parent=316323"}],"wp:term":[{"taxonomy":"category","embeddable":true,"href":"https:\/\/www.radioluna.it\/news\/wp-json\/wp\/v2\/categories?post=316323"},{"taxonomy":"post_tag","embeddable":true,"href":"https:\/\/www.radioluna.it\/news\/wp-json\/wp\/v2\/tags?post=316323"}],"curies":[{"name":"wp","href":"https:\/\/api.w.org\/{rel}","templated":true}]}}