{"id":316371,"date":"2022-08-19T09:40:58","date_gmt":"2022-08-19T07:40:58","guid":{"rendered":"https:\/\/www.radioluna.it\/news\/?p=316371"},"modified":"2022-08-19T11:54:48","modified_gmt":"2022-08-19T09:54:48","slug":"latina-bono-ciolfi-e-cali-i-pontini-candidati-a-camera-e-senato-con-il-movimento-cinque-stelle","status":"publish","type":"post","link":"https:\/\/www.radioluna.it\/news\/2022\/08\/latina-bono-ciolfi-e-cali-i-pontini-candidati-a-camera-e-senato-con-il-movimento-cinque-stelle\/","title":{"rendered":"A Latina, Bono e Lauretti i pontini candidati a Camera e Senato con il M5S. C&#8217;\u00e8 anche la Cal\u00ec"},"content":{"rendered":"<div id=\"fb-root\"><\/div>\n<p style=\"text-align: justify;\"><strong>LATINA<\/strong> &#8211; Anche Latina ha i suoi candidati alle prossime elezioni politiche per il Movimento Cinque Stelle. Al termine della consultazione degli iscritti \u00e8 stato il Presidente Giuseppe Conte a comunicare le tabelle coi nomi per le diverse circoscrizioni a Camera e Senato. In evidenza i nomi di Gianluca Bono candidato alla Camera nel collegio Lazio 2 (ha ottenuto 245 voti); era candidato sindaco alle scorse Amministrative a Latina.<\/p>\n<p style=\"text-align: justify;\">C&#8217;\u00e8 poi Federica Lauretti esponente del gruppo Latina anche lei candidata alla Camera nel collegio Lazio 2, con 382 preferenze supera di 18 voti Maria Grazia Ciolfi (esponente del Movimento eletta consigliera nella precedente consiliatura a Latina con La lista civica Lbc candidata supplente).<\/p>\n<p style=\"text-align: justify;\">Al Senato nel collegio Lazio 2 la candidata &#8220;pontina&#8221; \u00e8 Adriana Cal\u00ec, residente in provincia di Roma, gi\u00e0 assessora della giunta Coletta ora decaduta dopo l&#8217;annullamento del voto in 22 sezioni da parte del Tar.<\/p>\n<p style=\"text-align: justify;\">&#8220;Cari iscritti &#8211; si legge &#8211;\u00a0 al seguente link sono pubblicate le liste di candidati del MoVimento 5 Stelle nei collegi plurinominali della Camera dei Deputati e del Senato della Repubblica per le elezioni politiche del 25 settembre 2022. Ai sensi dell\u2019art. 5 dello Statuto, il presidente si riserva la valutazione, sentito il Garante, di compatibilit\u00e0 con i valori e le politiche del MoVimento 5 Stelle, esprimendo parere vincolante e insindacabile, in qualunque fase dell\u2019iter fino alla scadenza del termine per il deposito delle liste elettorali. Il presidente, inoltre, si riserva di individuare i nominativi mancanti per il completamento delle liste, ove necessario&#8221;.<\/p>\n<p><a href=\"file:\/\/\/C:\/Users\/User\/Downloads\/LISTE-DI-CANDIDATI-CAMERA.pdf\">LE LISTE ALLA CAMERA<\/a><\/p>\n<p><a href=\"file:\/\/\/C:\/Users\/User\/Downloads\/LISTE-DI-CANDIDATI-SENATO.pdf\">LE LISTE AL SENATO\u00a0<\/a><\/p>\n<div class=\"radio-posizionamento-telefono-in-articoli-dopo-il-contenuto-articolo radio-entity-placement\" id=\"radio-3413752074\"><div id=\"radio-3329970512\" style=\"width: 300px;height: 250px;\"><a href=\"https:\/\/www.icarspa.it\/auto\/usate\/latina\/\" aria-label=\"banner aprile icar new life &#8211; auto usate latina\"><img loading=\"lazy\" decoding=\"async\" src=\"https:\/\/www.radioluna.it\/news\/wp-content\/uploads\/2026\/02\/banner-aprile-icar-new-life-auto-usate-latina.gif\" alt=\"\"  width=\"300\" height=\"250\"   \/><\/a><\/div><\/div>","protected":false},"excerpt":{"rendered":"<p>LATINA &#8211; Anche Latina ha i suoi candidati alle prossime elezioni politiche per il Movimento Cinque Stelle. Al termine della consultazione degli iscritti \u00e8 stato il Presidente Giuseppe Conte a comunicare le tabelle coi nomi per le diverse circoscrizioni a Camera e Senato. In evidenza i nomi di Gianluca Bono candidato alla Camera nel collegio [&hellip;]<\/p>\n","protected":false},"author":62,"featured_media":316372,"comment_status":"open","ping_status":"open","sticky":false,"template":"","format":"standard","meta":{"footnotes":""},"categories":[8],"tags":[],"class_list":["post-316371","post","type-post","status-publish","format-standard","has-post-thumbnail","hentry","category-politica"],"_links":{"self":[{"href":"https:\/\/www.radioluna.it\/news\/wp-json\/wp\/v2\/posts\/316371","targetHints":{"allow":["GET"]}}],"collection":[{"href":"https:\/\/www.radioluna.it\/news\/wp-json\/wp\/v2\/posts"}],"about":[{"href":"https:\/\/www.radioluna.it\/news\/wp-json\/wp\/v2\/types\/post"}],"author":[{"embeddable":true,"href":"https:\/\/www.radioluna.it\/news\/wp-json\/wp\/v2\/users\/62"}],"replies":[{"embeddable":true,"href":"https:\/\/www.radioluna.it\/news\/wp-json\/wp\/v2\/comments?post=316371"}],"version-history":[{"count":0,"href":"https:\/\/www.radioluna.it\/news\/wp-json\/wp\/v2\/posts\/316371\/revisions"}],"wp:featuredmedia":[{"embeddable":true,"href":"https:\/\/www.radioluna.it\/news\/wp-json\/wp\/v2\/media\/316372"}],"wp:attachment":[{"href":"https:\/\/www.radioluna.it\/news\/wp-json\/wp\/v2\/media?parent=316371"}],"wp:term":[{"taxonomy":"category","embeddable":true,"href":"https:\/\/www.radioluna.it\/news\/wp-json\/wp\/v2\/categories?post=316371"},{"taxonomy":"post_tag","embeddable":true,"href":"https:\/\/www.radioluna.it\/news\/wp-json\/wp\/v2\/tags?post=316371"}],"curies":[{"name":"wp","href":"https:\/\/api.w.org\/{rel}","templated":true}]}}