{"id":316442,"date":"2022-08-20T08:40:46","date_gmt":"2022-08-20T06:40:46","guid":{"rendered":"https:\/\/www.radioluna.it\/news\/?p=316442"},"modified":"2022-08-25T12:02:55","modified_gmt":"2022-08-25T10:02:55","slug":"a-ninfa-jazz-arriva-il-francesca-tandoi-trio","status":"publish","type":"post","link":"https:\/\/www.radioluna.it\/news\/2022\/08\/a-ninfa-jazz-arriva-il-francesca-tandoi-trio\/","title":{"rendered":"A Ninfa Jazz arriva il Francesca Tandoi Trio"},"content":{"rendered":"<div id=\"fb-root\"><\/div>\n<p style=\"text-align: justify;\"><strong>LATINA<\/strong> &#8211; Torna stasera <strong>Ninfa Jazz<\/strong>. Alle 21.30 nell&#8217;area eventi del Giardino di Ninfa arriva il <strong>Francesca Tandoi Trio<\/strong> con Francesca Tandoi al piano e voce, Stefano Senni al contrabbasso e Giovanni Campanella alla batteria.<\/p>\n<p style=\"text-align: justify;\"><strong>CHI SONO<\/strong> &#8211; <strong>Compositrice, pianista e cantante Francesca Tandoi<\/strong> inizia prestissimo ad avvicinarsi al mondo del jazz. Frequenta seminari tenuti da grandi come Barry Harris, Mulgrew Miller e Brad Mehldau, poi, si trasferisce in Olanda dove si diploma con menzione speciale al Royal Conservatory of The Hague. Grazie alla sua riconosciuta bravura, si inserisce da subito nel panorama jazzistico nord europeo collaborando con alcuni fra i pi\u00f9 grandi artisti internazionali. Il suo tocco elegante e lo swing innato fanno s\u00ec che pianisti famosi come Tamir Hendelman e Monty Alexander rimangano piacevolmente impressionati delle sue qualit\u00e0 musicali. Dopo diverse tourn\u00e9e in giro per il mondo suona in molti fra i pi\u00f9 famosi jazz club italiani e rassegne come Auditorium Parco della Musica, Villa Celimontana e molte altre. Collabora con alcuni fra i maggiori esponenti del jazz come Joe Cohn, Scott Hamilton, Leah Kline e Madeline Bell.<\/p>\n<p style=\"text-align: justify;\">Con lei sul palco <strong>Stefano Senni al contrabbasso<\/strong>, uno dei musicisti pi\u00f9 attivi e richiesti del panorama jazzistico internazionale. Ha suonato in tutto il mondo con i pi\u00f9 grandi jazzisti d\u2019oltreoceano ed \u00e8 presente in oltre cento incisioni discografiche, e <strong>Giovanni Campanella alla batteria<\/strong>, uno straordinario talento che affianca alla sua attivit\u00e0 di batterista anche quella di pianista e compositore; vanta innumerevoli collaborazioni live e in studio con alcuni dei pi\u00f9 grandi nomi della scena jazz italiana ed internazionale.<\/p>\n<p style=\"text-align: justify;\">Anche i biglietti di questo concerto si potranno acquistare direttamente sul sito \u00a0www.boxol.it (per info 3501843609).<\/p>\n<p style=\"text-align: justify;\">Il biglietto del concerto costa 15 euro (2 euro di prevendita).<\/p>\n<p style=\"text-align: justify;\">Sar\u00e0 anche possibile prenotare una Full Experience, ovvero tour dei Giardini di Ninfa al tramonto e concerto. Il costo del biglietto sar\u00e0, in questo caso, di 30 euro (costo della prevendita 2 euro). Gli interessati dovranno presentarsi non pi\u00f9 tardi delle 18.15 davanti l\u2019ingresso del Giardino di Ninfa.<\/p>\n<p style=\"text-align: justify;\">\n<p style=\"text-align: justify;\">\n<div class=\"radio-posizionamento-telefono-in-articoli-dopo-il-contenuto-articolo radio-entity-placement\" id=\"radio-1894014921\"><div id=\"radio-4259209498\"><a href=\"https:\/\/grupporedi.it\/\" aria-label=\"Redi-Qr\"><img loading=\"lazy\" decoding=\"async\" src=\"https:\/\/www.radioluna.it\/news\/wp-content\/uploads\/2026\/03\/Redi-Qr.jpg\" alt=\"\"  srcset=\"https:\/\/www.radioluna.it\/news\/wp-content\/uploads\/2026\/03\/Redi-Qr.jpg 800w, https:\/\/www.radioluna.it\/news\/wp-content\/uploads\/2026\/03\/Redi-Qr-768x639.jpg 768w\" sizes=\"(max-width: 800px) 100vw, 800px\" width=\"300\" height=\"250\"   \/><\/a><\/div><\/div>","protected":false},"excerpt":{"rendered":"<p>LATINA &#8211; Torna stasera Ninfa Jazz. Alle 21.30 nell&#8217;area eventi del Giardino di Ninfa arriva il Francesca Tandoi Trio con Francesca Tandoi al piano e voce, Stefano Senni al contrabbasso e Giovanni Campanella alla batteria. CHI SONO &#8211; Compositrice, pianista e cantante Francesca Tandoi inizia prestissimo ad avvicinarsi al mondo del jazz. Frequenta seminari tenuti [&hellip;]<\/p>\n","protected":false},"author":62,"featured_media":316443,"comment_status":"open","ping_status":"open","sticky":false,"template":"","format":"standard","meta":{"footnotes":""},"categories":[16],"tags":[],"class_list":["post-316442","post","type-post","status-publish","format-standard","has-post-thumbnail","hentry","category-appuntamenti"],"_links":{"self":[{"href":"https:\/\/www.radioluna.it\/news\/wp-json\/wp\/v2\/posts\/316442","targetHints":{"allow":["GET"]}}],"collection":[{"href":"https:\/\/www.radioluna.it\/news\/wp-json\/wp\/v2\/posts"}],"about":[{"href":"https:\/\/www.radioluna.it\/news\/wp-json\/wp\/v2\/types\/post"}],"author":[{"embeddable":true,"href":"https:\/\/www.radioluna.it\/news\/wp-json\/wp\/v2\/users\/62"}],"replies":[{"embeddable":true,"href":"https:\/\/www.radioluna.it\/news\/wp-json\/wp\/v2\/comments?post=316442"}],"version-history":[{"count":0,"href":"https:\/\/www.radioluna.it\/news\/wp-json\/wp\/v2\/posts\/316442\/revisions"}],"wp:featuredmedia":[{"embeddable":true,"href":"https:\/\/www.radioluna.it\/news\/wp-json\/wp\/v2\/media\/316443"}],"wp:attachment":[{"href":"https:\/\/www.radioluna.it\/news\/wp-json\/wp\/v2\/media?parent=316442"}],"wp:term":[{"taxonomy":"category","embeddable":true,"href":"https:\/\/www.radioluna.it\/news\/wp-json\/wp\/v2\/categories?post=316442"},{"taxonomy":"post_tag","embeddable":true,"href":"https:\/\/www.radioluna.it\/news\/wp-json\/wp\/v2\/tags?post=316442"}],"curies":[{"name":"wp","href":"https:\/\/api.w.org\/{rel}","templated":true}]}}