{"id":316450,"date":"2022-08-21T10:05:40","date_gmt":"2022-08-21T08:05:40","guid":{"rendered":"https:\/\/www.radioluna.it\/news\/?p=316450"},"modified":"2022-08-20T10:27:49","modified_gmt":"2022-08-20T08:27:49","slug":"osservare-il-cielo-dalla-torre-di-scauri-lappuntamento","status":"publish","type":"post","link":"https:\/\/www.radioluna.it\/news\/2022\/08\/osservare-il-cielo-dalla-torre-di-scauri-lappuntamento\/","title":{"rendered":"Osservare il cielo dalla Torre di Scauri, l&#8217;appuntamento"},"content":{"rendered":"<div id=\"fb-root\"><\/div>\n<p style=\"text-align: justify;\"><strong>MINTURNO<\/strong> &#8211; Ritornano gli appuntamenti del Comune di Minturno per il calendario \u201cNella natura a guardar le stelle\u201d: sabato 27 agosto, alle ore 21, presso la Torre di Scauri, sul Monte d\u2019Oro, si potranno ammirare Saturno e Giove.<\/p>\n<p style=\"text-align: justify;\">L\u2019Associazione Ambiente Natura e Vita, dopo il successo della serata presso la foce del Garigliano, ci offrir\u00e0, in un\u2019altra location naturalistica d\u2019eccezione, una nuova occasione per scrutare il cielo. Grazie ai telescopi, dopo un\u2019attenta spiegazione, si proceder\u00e0 per gruppi all\u2019osservazione astronomica, fruendo, nel frattempo, della bellezza naturalistica di uno degli scorci pi\u00f9 suggestivi del nostro territorio.<\/p>\n<p style=\"text-align: justify;\">A giugno, con la passeggiata all\u2019alba nell\u2019ambito del programma \u201cNaturalmente Minturno Scauri\u201d, si era potuto scoprire il ricco patrimonio naturalistico dell\u2019area intorno alla Torre di Scauri (XVI secolo), stavolta di nuovo protagonista di sera, con lo scopo di arricchire e di completare la sua esplorazione e la sua conoscenza.<\/p>\n<p style=\"text-align: justify;\">\u201cIl primo appuntamento con la Luna \u00e8 stato un successo &#8211; dichiara il Vicesindaco e Assessore all\u2019Ambiente Elisa Venturo \u2013 Ci\u00f2 mi ha reso davvero felice, perch\u00e9 credo che eventi come questi siano strumenti indispensabili per avvicinare le persone all\u2019ambiente e, quindi, alla sua tutela. Come l\u2019anno scorso, alla foce del Garigliano il sold out e le tante persone che non hanno potuto accedere all\u2019evento ci hanno fatto capire che c\u2019\u00e8 una voglia di scoperta e di partecipazione ad occasioni del genere. Lo scenario della Torre di Scauri ci offrir\u00e0 una nuova opportunit\u00e0 di osservare le bellezze che il cielo ci riserva, un momento di incontro fondamentale anche per capire come i luoghi che spesso frequentiamo distrattamente conservino un\u2019infinit\u00e0 di prospettive diverse, tutte da esplorare. Le osservazioni astronomiche sono un\u2019occasione rara e preziosa che abbiamo scelto di offrire nel nostro calendario di eventi gratuiti, per rendere fruibile a tutti un\u2019esperienza per lo pi\u00f9 esclusiva, riservata a chi ha un telescopio. Il nostro obiettivo \u00e8 quello di far nascere una curiosit\u00e0 diffusa nei piccoli come negli adulti ed una partecipazione sempre pi\u00f9 sentita. I numeri registrati ci danno ragione e ci fanno ben sperare per il futuro\u201d.<\/p>\n<p style=\"text-align: justify;\">La visita guidata naturalistica notturna comprender\u00e0 la spiegazione della volta celeste, l\u2019osservazione di stelle, pianeti e costellazioni visibili mediante l\u2019utilizzo dei telescopi. L\u2019evento, sostenuto dal Comune e patrocinato dall\u2019Ente Parco Riviera di Ulisse, \u00e8 gratuito ma \u00e8 necessario prenotare per permettere la formazione dei gruppi. Per informazioni e prenotazioni, \u00e8 possibile contattare i seguenti numeri: 3407004662 &#8211; 3289537183 \u2013 3334749032.<\/p>\n<p>&nbsp;<\/p>\n<div class=\"radio-posizionamento-telefono-in-articoli-dopo-il-contenuto-articolo radio-entity-placement\" id=\"radio-2894668013\"><div id=\"radio-3304540977\"><a href=\"https:\/\/www.simeoneceramiche.com\/\" aria-label=\"SIMEONE CERAMICHE GIF animata per radioluna_Tavola disegno 1 copia 2 (online-video-cutter.com)\"><img loading=\"lazy\" decoding=\"async\" src=\"https:\/\/www.radioluna.it\/news\/wp-content\/uploads\/2025\/05\/SIMEONE-CERAMICHE-GIF-animata-per-radioluna_Tavola-disegno-1-copia-2-online-video-cutter.com_.gif\" alt=\"\"  width=\"300\" height=\"250\"   \/><\/a><\/div><\/div>","protected":false},"excerpt":{"rendered":"<p>MINTURNO &#8211; Ritornano gli appuntamenti del Comune di Minturno per il calendario \u201cNella natura a guardar le stelle\u201d: sabato 27 agosto, alle ore 21, presso la Torre di Scauri, sul Monte d\u2019Oro, si potranno ammirare Saturno e Giove. L\u2019Associazione Ambiente Natura e Vita, dopo il successo della serata presso la foce del Garigliano, ci offrir\u00e0, [&hellip;]<\/p>\n","protected":false},"author":62,"featured_media":316451,"comment_status":"open","ping_status":"open","sticky":false,"template":"","format":"standard","meta":{"footnotes":""},"categories":[16],"tags":[],"class_list":["post-316450","post","type-post","status-publish","format-standard","has-post-thumbnail","hentry","category-appuntamenti"],"_links":{"self":[{"href":"https:\/\/www.radioluna.it\/news\/wp-json\/wp\/v2\/posts\/316450","targetHints":{"allow":["GET"]}}],"collection":[{"href":"https:\/\/www.radioluna.it\/news\/wp-json\/wp\/v2\/posts"}],"about":[{"href":"https:\/\/www.radioluna.it\/news\/wp-json\/wp\/v2\/types\/post"}],"author":[{"embeddable":true,"href":"https:\/\/www.radioluna.it\/news\/wp-json\/wp\/v2\/users\/62"}],"replies":[{"embeddable":true,"href":"https:\/\/www.radioluna.it\/news\/wp-json\/wp\/v2\/comments?post=316450"}],"version-history":[{"count":0,"href":"https:\/\/www.radioluna.it\/news\/wp-json\/wp\/v2\/posts\/316450\/revisions"}],"wp:featuredmedia":[{"embeddable":true,"href":"https:\/\/www.radioluna.it\/news\/wp-json\/wp\/v2\/media\/316451"}],"wp:attachment":[{"href":"https:\/\/www.radioluna.it\/news\/wp-json\/wp\/v2\/media?parent=316450"}],"wp:term":[{"taxonomy":"category","embeddable":true,"href":"https:\/\/www.radioluna.it\/news\/wp-json\/wp\/v2\/categories?post=316450"},{"taxonomy":"post_tag","embeddable":true,"href":"https:\/\/www.radioluna.it\/news\/wp-json\/wp\/v2\/tags?post=316450"}],"curies":[{"name":"wp","href":"https:\/\/api.w.org\/{rel}","templated":true}]}}