{"id":316495,"date":"2022-08-22T08:10:47","date_gmt":"2022-08-22T06:10:47","guid":{"rendered":"https:\/\/www.radioluna.it\/news\/?p=316495"},"modified":"2022-08-23T13:33:07","modified_gmt":"2022-08-23T11:33:07","slug":"fondi-sparisce-tra-le-onde-il-fratello-chiede-aiuto-recuperato-privo-di-sensi-11enne-rianimato-sulla-spiaggia","status":"publish","type":"post","link":"https:\/\/www.radioluna.it\/news\/2022\/08\/fondi-sparisce-tra-le-onde-il-fratello-chiede-aiuto-recuperato-privo-di-sensi-11enne-rianimato-sulla-spiaggia\/","title":{"rendered":"Fondi, sparisce tra le onde, il fratello chiede aiuto, recuperato privo di sensi: 11enne rianimato sulla spiaggia"},"content":{"rendered":"<div id=\"fb-root\"><\/div>\n<p style=\"text-align: justify;\"><strong>FONDI\u00a0 &#8211; <\/strong>Recuperato privo di sensi dal fondo del mare mosso, ha rischiato di morire un ragazzino di 11 anni. E&#8217; accaduto ieri intorno all&#8217;ora di pranzo a Fondi quando insieme al fratello pi\u00f9 grande si \u00e8 buttato in mare per recuperare un pallone, ma i due si sono trovati subito in balia delle onde e della risacca e il pi\u00f9 giovane \u00e8 stato letteralmente risucchiato dal mare agitato. Sono stati momenti di terrore anche per chi dalla spiaggia ha assistito alla scena: il fratello maggiore ha urlato disperatamente per chiedere aiuto, un bagnino in servizio nello stabilimento Summer Beach presente sul tratto di\u00a0 spiaggia si \u00e8 gettato in mare, e non vedendolo, si \u00e8 immerso nel tratto in cui il ragazzino era sparito dove\u00a0 lo ha visto abbandonato tra i flutti sotto la superficie del mare. Lo ha recuperato,\u00a0 caricato su un pedal\u00f2 che nel frattempo era arrivato in soccorso e ha avviato le manovre di rianimazione, poi proseguite in spiaggia. Respirazione bocca a bocca e ossigeno solo a quel punto l&#8217;11enne ha urlato. Caricato su un&#8217;eliambulanza in codice rosso si trova ora al Bambino Ges\u00f9 di Roma<strong>. <\/strong>Un altro bagnino aveva nel frattempo portato a riva il pi\u00f9 grande.<\/p>\n<p>Solo sabato era morto a Gaeta Marco Di Vozzo, 50 anni, originario di Pontecorvo in provincia di Frosinone. Era al mare con i figli e altri amici sulla spiaggia delle Scissure, ha fatto alcune bracciate nonostante le cattive condizioni del mare ed \u00e8 stato inghiottito dalle onde.\u00a0L&#8217;uomo soccorso e portato a riva \u00e8 deceduto.<\/p>\n<p>Il mare mosso di questi giorni poco pi\u00f9 a nord lungo il litorale romano\u00a0 ha messo in difficolt\u00e0 ad Ostia anche i nuotatori professionisti del nuoto in acque libere.<\/p>\n","protected":false},"excerpt":{"rendered":"<p>FONDI\u00a0 &#8211; Recuperato privo di sensi dal fondo del mare mosso, ha rischiato di morire un ragazzino di 11 anni. E&#8217; accaduto ieri intorno all&#8217;ora di pranzo a Fondi quando insieme al fratello pi\u00f9 grande si \u00e8 buttato in mare per recuperare un pallone, ma i due si sono trovati subito in balia delle onde [&hellip;]<\/p>\n","protected":false},"author":62,"featured_media":268419,"comment_status":"open","ping_status":"open","sticky":false,"template":"","format":"standard","meta":{"footnotes":""},"categories":[7],"tags":[],"class_list":["post-316495","post","type-post","status-publish","format-standard","has-post-thumbnail","hentry","category-cronaca"],"_links":{"self":[{"href":"https:\/\/www.radioluna.it\/news\/wp-json\/wp\/v2\/posts\/316495","targetHints":{"allow":["GET"]}}],"collection":[{"href":"https:\/\/www.radioluna.it\/news\/wp-json\/wp\/v2\/posts"}],"about":[{"href":"https:\/\/www.radioluna.it\/news\/wp-json\/wp\/v2\/types\/post"}],"author":[{"embeddable":true,"href":"https:\/\/www.radioluna.it\/news\/wp-json\/wp\/v2\/users\/62"}],"replies":[{"embeddable":true,"href":"https:\/\/www.radioluna.it\/news\/wp-json\/wp\/v2\/comments?post=316495"}],"version-history":[{"count":0,"href":"https:\/\/www.radioluna.it\/news\/wp-json\/wp\/v2\/posts\/316495\/revisions"}],"wp:featuredmedia":[{"embeddable":true,"href":"https:\/\/www.radioluna.it\/news\/wp-json\/wp\/v2\/media\/268419"}],"wp:attachment":[{"href":"https:\/\/www.radioluna.it\/news\/wp-json\/wp\/v2\/media?parent=316495"}],"wp:term":[{"taxonomy":"category","embeddable":true,"href":"https:\/\/www.radioluna.it\/news\/wp-json\/wp\/v2\/categories?post=316495"},{"taxonomy":"post_tag","embeddable":true,"href":"https:\/\/www.radioluna.it\/news\/wp-json\/wp\/v2\/tags?post=316495"}],"curies":[{"name":"wp","href":"https:\/\/api.w.org\/{rel}","templated":true}]}}