{"id":316499,"date":"2022-08-22T08:39:13","date_gmt":"2022-08-22T06:39:13","guid":{"rendered":"https:\/\/www.radioluna.it\/news\/?p=316499"},"modified":"2022-08-22T10:13:52","modified_gmt":"2022-08-22T08:13:52","slug":"latina-giulio-zeppieri-pronto-per-gli-us-open-tennis-championships","status":"publish","type":"post","link":"https:\/\/www.radioluna.it\/news\/2022\/08\/latina-giulio-zeppieri-pronto-per-gli-us-open-tennis-championships\/","title":{"rendered":"Latina, Giulio Zeppieri pronto per  gli US Open Tennis Championships"},"content":{"rendered":"<div id=\"fb-root\"><\/div>\n<p style=\"text-align: justify;\"><strong>LATINA<\/strong> &#8211; Giulio Zeppieri \u00e8 pronto a debuttare agli US Open Tennis Championships. Lo scrive proprio lui in un post sui social commentando: &#8220;E&#8217; l&#8217;ultimo Slam di una stagione che non dimenticher\u00f2 mai. Sono felice e orgoglioso di giocare su palcoscenici cos\u00ec prestigiosi&#8221;. In tenuta ASICS, lo sponsor che lo accompagna, il tennista ventenne di Latina \u00e8 reduce dalla bella performance nel torneo Atp 250 di Umago in Croazia, il primo del circuito maggiore in cui non solo ha conquistato il tabellone principale, ma \u00e8 arrivato in semifinale.<\/p>\n<p style=\"text-align: justify;\">Sui campi in cemento di Flushing Meadows a New York ci saranno i cinque atleti azzurri del tabellone principale, Matteo Berrettini, Jannik Sinner, Lorenzo Sonego, Fabio Fognini e Lorenzo Musetti. Tra i tennisti che inseguono un posto nel main draw\u00a0 ci sono con Zeppieri, oggi numero 136 del mondo, Flavio Cobolli (138 Atp), Francesco Passaro (147 Atp), Luca Nardi (168 Atp), Luciano Darderi (173) e Francesco Maestrelli (205) e Matteo Arnaldi, l&#8217;under 21, numero 215 del ranking.<\/p>\n<p>Il torneo prender\u00e0 il via luned\u00ec 29 agosto per concludersi domenica 11 settembre.<\/p>\n<div class=\"radio-posizionamento-telefono-in-articoli-dopo-il-contenuto-articolo radio-entity-placement\" id=\"radio-1709459955\"><div id=\"radio-3013396721\"><a href=\"https:\/\/grupporedi.it\/\" aria-label=\"Redi-Qr\"><img loading=\"lazy\" decoding=\"async\" src=\"https:\/\/www.radioluna.it\/news\/wp-content\/uploads\/2026\/03\/Redi-Qr.jpg\" alt=\"\"  srcset=\"https:\/\/www.radioluna.it\/news\/wp-content\/uploads\/2026\/03\/Redi-Qr.jpg 800w, https:\/\/www.radioluna.it\/news\/wp-content\/uploads\/2026\/03\/Redi-Qr-768x639.jpg 768w\" sizes=\"(max-width: 800px) 100vw, 800px\" width=\"300\" height=\"250\"   \/><\/a><\/div><\/div>","protected":false},"excerpt":{"rendered":"<p>LATINA &#8211; Giulio Zeppieri \u00e8 pronto a debuttare agli US Open Tennis Championships. Lo scrive proprio lui in un post sui social commentando: &#8220;E&#8217; l&#8217;ultimo Slam di una stagione che non dimenticher\u00f2 mai. Sono felice e orgoglioso di giocare su palcoscenici cos\u00ec prestigiosi&#8221;. In tenuta ASICS, lo sponsor che lo accompagna, il tennista ventenne di [&hellip;]<\/p>\n","protected":false},"author":5430,"featured_media":316501,"comment_status":"open","ping_status":"open","sticky":false,"template":"","format":"standard","meta":{"footnotes":""},"categories":[17],"tags":[],"class_list":["post-316499","post","type-post","status-publish","format-standard","has-post-thumbnail","hentry","category-sport"],"_links":{"self":[{"href":"https:\/\/www.radioluna.it\/news\/wp-json\/wp\/v2\/posts\/316499","targetHints":{"allow":["GET"]}}],"collection":[{"href":"https:\/\/www.radioluna.it\/news\/wp-json\/wp\/v2\/posts"}],"about":[{"href":"https:\/\/www.radioluna.it\/news\/wp-json\/wp\/v2\/types\/post"}],"author":[{"embeddable":true,"href":"https:\/\/www.radioluna.it\/news\/wp-json\/wp\/v2\/users\/5430"}],"replies":[{"embeddable":true,"href":"https:\/\/www.radioluna.it\/news\/wp-json\/wp\/v2\/comments?post=316499"}],"version-history":[{"count":0,"href":"https:\/\/www.radioluna.it\/news\/wp-json\/wp\/v2\/posts\/316499\/revisions"}],"wp:featuredmedia":[{"embeddable":true,"href":"https:\/\/www.radioluna.it\/news\/wp-json\/wp\/v2\/media\/316501"}],"wp:attachment":[{"href":"https:\/\/www.radioluna.it\/news\/wp-json\/wp\/v2\/media?parent=316499"}],"wp:term":[{"taxonomy":"category","embeddable":true,"href":"https:\/\/www.radioluna.it\/news\/wp-json\/wp\/v2\/categories?post=316499"},{"taxonomy":"post_tag","embeddable":true,"href":"https:\/\/www.radioluna.it\/news\/wp-json\/wp\/v2\/tags?post=316499"}],"curies":[{"name":"wp","href":"https:\/\/api.w.org\/{rel}","templated":true}]}}