{"id":316537,"date":"2022-08-22T13:23:08","date_gmt":"2022-08-22T11:23:08","guid":{"rendered":"https:\/\/www.radioluna.it\/news\/?p=316537"},"modified":"2022-08-22T13:23:32","modified_gmt":"2022-08-22T11:23:32","slug":"europa-verde-e-sinistra-italiana-hanno-scelto-i-candidati-nei-collegi-di-latina-e-frosinone","status":"publish","type":"post","link":"https:\/\/www.radioluna.it\/news\/2022\/08\/europa-verde-e-sinistra-italiana-hanno-scelto-i-candidati-nei-collegi-di-latina-e-frosinone\/","title":{"rendered":"Europa Verde e Sinistra Italiana hanno scelto i candidati nei collegi di Latina e Frosinone"},"content":{"rendered":"<div id=\"fb-root\"><\/div>\n<p style=\"text-align: justify;\"><strong>LATINA\u00a0<\/strong> &#8211; I circoli di Europa Verde della provincia di Latina esprimono grande soddisfazione per la lista dei<strong> quattro candidati di\u00a0 Europa Verde- Sinistra Italiana alle prossime elezioni politiche del 25 settembre per la Camera dei Deputati, collegio di Latina e Frosinone<\/strong>. &#8220;Volti nuovi alla politica nazionale, di alto profilo per le competenze, l&#8217;impegno sociale e la passione ideale. Due docenti universitari, un&#8217;esperta di politiche dell&#8217;Unione Europea e uno scienziato di lunga esperienza, saranno i candidati alla Camera di Europa Verde della Provincia di Latina&#8221;, sottolineano.<\/p>\n<p style=\"text-align: justify;\"><strong>CHI SONO<\/strong><\/p>\n<p style=\"text-align: justify;\"><strong>Federica Di Sarcina, di Gaeta, \u00e8 la capolista<\/strong>. Laureata con lode in Scienze politiche presso l&#8217;Universit\u00e0 di Siena e Dottore di ricerca in Storia dell\u2019integrazione europea presso l&#8217;Universit\u00e0 di Pavia, \u00e8 docente di European Union Politics presso programmi universitari americani in Italia. Inoltre \u00e8 consulente presso enti pubblici e privati che si occupano di formazione e comunicazione sull\u2019Unione europea ed \u00e8 esperta valutatrice per la Commissione europea. \u00c8 autrice del volume L\u2019Europa delle donne. La politica di pari opportunit\u00e0 nella storia dell\u2019integrazione europea (Bologna, Il Mulino) e di numerosi saggi sulle politiche dell&#8217;UE. Da sempre interessata alle questioni ambientali, sociali e di genere, \u00e8 membro dell\u2019esecutivo regionale di Europa Verde Lazio e co-portavoce di Europa Verde Gaeta.<\/p>\n<p style=\"text-align: justify;\"><strong>Sergio Ulgiati, nato a Latina<\/strong> e profondo conoscitore delle problematiche del proprio territorio, \u00e8 Professore di Chimica Ambientale e Analisi del Ciclo di Vita presso l\u2019Universit\u00e0 Parthenope di Napoli e Professore di Valutazioni Energetiche presso l&#8217;Universit\u00e0 Normale di Pechino. Ha al suo attivo numerose collaborazioni con riviste scientifiche internazionali. La sua ricerca mira a individuare, misurare e migliorare i processi di interazione tra la societ\u00e0 umana e l\u00b4ambiente, col fine di promuovere il miglioramento degli stili di vita e l\u2019integrit\u00e0 ambientale. Particolare attenzione alle energie rinnovabili, al ciclo dei rifiuti, alla dinamica dei sistemi urbani e e allo sviluppo di modelli economici pi\u00f9 sostenibili (economia circolare). Nella sua lunga carriera, ha formato intere generazioni di ambientalisti, molti dei quali attualmente Docenti di Scienze Ambientali in Europa, America Latina, Cina, ed Africa. \u00c8 membro del comitato scientifico nazionale di<br \/>\nEuropa Verde, e dei comitati scientifici del WWF (Nazionale) e regionale di Legambiente Campania.<\/p>\n<p style=\"text-align: justify;\">Completano la lista per la Camera, Sara Cinquegranelli e Francesco Raffa di Sinistra Italiana. La prima, <strong>Sara Cinquegranelli, di San Felice Circeo<\/strong>, \u00e8 impegnata da sempre attivamente nel contesto politico e sociale, specialmente per il contrasto delle varie criminalit\u00e0 organizzate presenti sul nostro territorio e nella lotta al caporalato. Istruttrice di primo livello di Krav Maga, crede molto nell\u2019importanza dell\u2019insegnamento della difesa personale, dal punto di vista educativo e per la prevenzione dei femminicidi. Vorrebbe veder decollare il polo universitario di Latina.<\/p>\n<p style=\"text-align: justify;\"><strong>Francesco Raffa, di Frosinone<\/strong>, \u00e8 un insegnante. Al Comune di Frosinone ha ricoperto la carica di consigliere dal 2007 al 2010 e di assessore all&#8217;Ambiente dal 2010 al 2012.<\/p>\n<div class=\"radio-posizionamento-telefono-in-articoli-dopo-il-contenuto-articolo radio-entity-placement\" id=\"radio-1894349577\"><div id=\"radio-1727671970\" style=\"width: 300px;height: 250px;\"><a href=\"https:\/\/www.icarspa.it\/auto\/usate\/latina\/\" aria-label=\"banner aprile icar new life &#8211; auto usate latina\"><img loading=\"lazy\" decoding=\"async\" src=\"https:\/\/www.radioluna.it\/news\/wp-content\/uploads\/2026\/02\/banner-aprile-icar-new-life-auto-usate-latina.gif\" alt=\"\"  width=\"300\" height=\"250\"   \/><\/a><\/div><\/div>","protected":false},"excerpt":{"rendered":"<p>LATINA\u00a0 &#8211; I circoli di Europa Verde della provincia di Latina esprimono grande soddisfazione per la lista dei quattro candidati di\u00a0 Europa Verde- Sinistra Italiana alle prossime elezioni politiche del 25 settembre per la Camera dei Deputati, collegio di Latina e Frosinone. &#8220;Volti nuovi alla politica nazionale, di alto profilo per le competenze, l&#8217;impegno sociale [&hellip;]<\/p>\n","protected":false},"author":60,"featured_media":316538,"comment_status":"open","ping_status":"open","sticky":false,"template":"","format":"standard","meta":{"footnotes":""},"categories":[8],"tags":[],"class_list":["post-316537","post","type-post","status-publish","format-standard","has-post-thumbnail","hentry","category-politica"],"_links":{"self":[{"href":"https:\/\/www.radioluna.it\/news\/wp-json\/wp\/v2\/posts\/316537","targetHints":{"allow":["GET"]}}],"collection":[{"href":"https:\/\/www.radioluna.it\/news\/wp-json\/wp\/v2\/posts"}],"about":[{"href":"https:\/\/www.radioluna.it\/news\/wp-json\/wp\/v2\/types\/post"}],"author":[{"embeddable":true,"href":"https:\/\/www.radioluna.it\/news\/wp-json\/wp\/v2\/users\/60"}],"replies":[{"embeddable":true,"href":"https:\/\/www.radioluna.it\/news\/wp-json\/wp\/v2\/comments?post=316537"}],"version-history":[{"count":0,"href":"https:\/\/www.radioluna.it\/news\/wp-json\/wp\/v2\/posts\/316537\/revisions"}],"wp:featuredmedia":[{"embeddable":true,"href":"https:\/\/www.radioluna.it\/news\/wp-json\/wp\/v2\/media\/316538"}],"wp:attachment":[{"href":"https:\/\/www.radioluna.it\/news\/wp-json\/wp\/v2\/media?parent=316537"}],"wp:term":[{"taxonomy":"category","embeddable":true,"href":"https:\/\/www.radioluna.it\/news\/wp-json\/wp\/v2\/categories?post=316537"},{"taxonomy":"post_tag","embeddable":true,"href":"https:\/\/www.radioluna.it\/news\/wp-json\/wp\/v2\/tags?post=316537"}],"curies":[{"name":"wp","href":"https:\/\/api.w.org\/{rel}","templated":true}]}}