{"id":316663,"date":"2022-08-23T18:15:55","date_gmt":"2022-08-23T16:15:55","guid":{"rendered":"https:\/\/www.radioluna.it\/news\/?p=316663"},"modified":"2022-08-23T18:15:55","modified_gmt":"2022-08-23T16:15:55","slug":"scoprire-la-fondi-romana-entrando-a-san-martino","status":"publish","type":"post","link":"https:\/\/www.radioluna.it\/news\/2022\/08\/scoprire-la-fondi-romana-entrando-a-san-martino\/","title":{"rendered":"Scoprire la Fondi romana entrando a San Martino"},"content":{"rendered":"<div id=\"fb-root\"><\/div>\n<p style=\"text-align: justify;\"><strong>FONDI &#8211;<\/strong> Partir\u00e0 dalle mura Megalitiche di Fondi alle 20 di venerd\u00ec 26 agosto una nuova visita alla scoperta della citt\u00e0 e della sua storia. Grazie alla disponibilit\u00e0 del parroco della chiesa di San Pietro, di Don Gianni Cardillo, i partecipanti entreranno nella chiesa di San Martino dove, dopo i lavori di restauro della chiesa di origine medievale, \u00e8 stato scoperto un giardino di origine romana sottostante il pavimento e con annessa sorgente.<\/p>\n<p style=\"text-align: justify;\">&#8220;La straordinaria scoperta\u00a0 &#8211; spiegano dall&#8217;associazione Onorato II Caetani che organizza la vista grazie anche alla disponibilit\u00e0 del Parco dei Monti Ausoni &#8211; ha modificato i lavori di restauro, che oltre al recupero della chiesa, ha comportato la creazione di un pavimento di plexiglass, che consente i visitatori di camminare letteralmente nella storia, guardando i resti della villa venuta alla luce. Un&#8217;esperienza eccezionale, proprio al centro di Fondi&#8221;.<\/p>\n<p style=\"text-align: justify;\">I posti ancora disponibili contattando l&#8217; Associazione ai numeri\u00a0 3294927182 oppure 3489287113, o via mail a associazioneonorato2caetani@gmail.com. L&#8217;ultimo appuntamento \u00e8 previsto per il 10 settembre.<\/p>\n<p><img loading=\"lazy\" decoding=\"async\" class=\"wp-image-316665 alignright\" src=\"https:\/\/www.radioluna.it\/news\/wp-content\/uploads\/2022\/08\/locandina-fondi.jpg\" alt=\"\" width=\"569\" height=\"805\" srcset=\"https:\/\/www.radioluna.it\/news\/wp-content\/uploads\/2022\/08\/locandina-fondi.jpg 1131w, https:\/\/www.radioluna.it\/news\/wp-content\/uploads\/2022\/08\/locandina-fondi-768x1086.jpg 768w, https:\/\/www.radioluna.it\/news\/wp-content\/uploads\/2022\/08\/locandina-fondi-1086x1536.jpg 1086w\" sizes=\"auto, (max-width: 569px) 100vw, 569px\" \/><\/p>\n<div class=\"radio-posizionamento-telefono-in-articoli-dopo-il-contenuto-articolo radio-entity-placement\" id=\"radio-745138093\"><div id=\"radio-563558421\"><a href=\"https:\/\/grupporedi.it\/\" aria-label=\"Redi-Qr\"><img loading=\"lazy\" decoding=\"async\" src=\"https:\/\/www.radioluna.it\/news\/wp-content\/uploads\/2026\/03\/Redi-Qr.jpg\" alt=\"\"  srcset=\"https:\/\/www.radioluna.it\/news\/wp-content\/uploads\/2026\/03\/Redi-Qr.jpg 800w, https:\/\/www.radioluna.it\/news\/wp-content\/uploads\/2026\/03\/Redi-Qr-768x639.jpg 768w\" sizes=\"(max-width: 800px) 100vw, 800px\" width=\"300\" height=\"250\"   \/><\/a><\/div><\/div>","protected":false},"excerpt":{"rendered":"<p>FONDI &#8211; Partir\u00e0 dalle mura Megalitiche di Fondi alle 20 di venerd\u00ec 26 agosto una nuova visita alla scoperta della citt\u00e0 e della sua storia. Grazie alla disponibilit\u00e0 del parroco della chiesa di San Pietro, di Don Gianni Cardillo, i partecipanti entreranno nella chiesa di San Martino dove, dopo i lavori di restauro della chiesa [&hellip;]<\/p>\n","protected":false},"author":62,"featured_media":316664,"comment_status":"open","ping_status":"open","sticky":false,"template":"","format":"standard","meta":{"footnotes":""},"categories":[16],"tags":[],"class_list":["post-316663","post","type-post","status-publish","format-standard","has-post-thumbnail","hentry","category-appuntamenti"],"_links":{"self":[{"href":"https:\/\/www.radioluna.it\/news\/wp-json\/wp\/v2\/posts\/316663","targetHints":{"allow":["GET"]}}],"collection":[{"href":"https:\/\/www.radioluna.it\/news\/wp-json\/wp\/v2\/posts"}],"about":[{"href":"https:\/\/www.radioluna.it\/news\/wp-json\/wp\/v2\/types\/post"}],"author":[{"embeddable":true,"href":"https:\/\/www.radioluna.it\/news\/wp-json\/wp\/v2\/users\/62"}],"replies":[{"embeddable":true,"href":"https:\/\/www.radioluna.it\/news\/wp-json\/wp\/v2\/comments?post=316663"}],"version-history":[{"count":0,"href":"https:\/\/www.radioluna.it\/news\/wp-json\/wp\/v2\/posts\/316663\/revisions"}],"wp:featuredmedia":[{"embeddable":true,"href":"https:\/\/www.radioluna.it\/news\/wp-json\/wp\/v2\/media\/316664"}],"wp:attachment":[{"href":"https:\/\/www.radioluna.it\/news\/wp-json\/wp\/v2\/media?parent=316663"}],"wp:term":[{"taxonomy":"category","embeddable":true,"href":"https:\/\/www.radioluna.it\/news\/wp-json\/wp\/v2\/categories?post=316663"},{"taxonomy":"post_tag","embeddable":true,"href":"https:\/\/www.radioluna.it\/news\/wp-json\/wp\/v2\/tags?post=316663"}],"curies":[{"name":"wp","href":"https:\/\/api.w.org\/{rel}","templated":true}]}}