{"id":316715,"date":"2022-08-24T12:25:59","date_gmt":"2022-08-24T10:25:59","guid":{"rendered":"https:\/\/www.radioluna.it\/news\/?p=316715"},"modified":"2022-08-25T08:50:18","modified_gmt":"2022-08-25T06:50:18","slug":"libri-nel-parco-ce-zerunian-con-dove-cera-la-palude","status":"publish","type":"post","link":"https:\/\/www.radioluna.it\/news\/2022\/08\/libri-nel-parco-ce-zerunian-con-dove-cera-la-palude\/","title":{"rendered":"Libri nel Parco, c&#8217;\u00e8 Zerunian con \u201cDove c\u2019era la palude\u201d"},"content":{"rendered":"<div id=\"fb-root\"><\/div>\n<p style=\"text-align: justify;\"><strong>SABAUDIA<\/strong> &#8211; Decimo appuntamento a Sabaudia per la rassegna Libri nel Parco dell&#8217;Associazione Sabaudia Culturando. Ospite Sergio Zerunian che presenter\u00e0 mercoled\u00ec 24 agosto alle ore 21, nella corte comunale di Sabaudia, il suo libro \u201cDove c\u2019era la palude\u201d. L\u2019autore dialogher\u00e0 con la giornalista Licia Pastore.<br \/>\nNon ci sono giustificazioni alle pesanti trasformazioni che Homo sapiens impone a ci\u00f2 che lo circonda, passando spesso per la cancellazione di interi ecosistemi, com&#8217;\u00e8 avvenuto durante la bonifica delle Paludi Pontine negli anni Venti e Trenta del Novecento, ma non \u00e8 mai troppo tardi per cambiare, anche perch\u00e9 noi siamo la Natura, e distruggerla coincide col nostro stesso annientamento. &#8220;Dove c&#8217;era la palude&#8221;\u00a0 ricorda tutto questo e molto altro ancora, planando sul mondo naturale con lo sguardo attento della biologa Francesca, alle prese con memorie di vite passate e un amore appena nato che \u00e8, in fondo, il vero protagonista del romanzo.<\/p>\n<p style=\"text-align: justify;\">L\u2019undicesimo e ultimo appuntamento si svolger\u00e0 marted\u00ec 30 agosto alle ore 19:00 con Mauro Canali che presenter\u00e0 il suo libro \u201cGli uomini della marcia su Roma\u201d.<\/p>\n","protected":false},"excerpt":{"rendered":"<p>SABAUDIA &#8211; Decimo appuntamento a Sabaudia per la rassegna Libri nel Parco dell&#8217;Associazione Sabaudia Culturando. Ospite Sergio Zerunian che presenter\u00e0 mercoled\u00ec 24 agosto alle ore 21, nella corte comunale di Sabaudia, il suo libro \u201cDove c\u2019era la palude\u201d. L\u2019autore dialogher\u00e0 con la giornalista Licia Pastore. Non ci sono giustificazioni alle pesanti trasformazioni che Homo sapiens [&hellip;]<\/p>\n","protected":false},"author":62,"featured_media":316716,"comment_status":"open","ping_status":"open","sticky":false,"template":"","format":"standard","meta":{"footnotes":""},"categories":[16],"tags":[],"class_list":["post-316715","post","type-post","status-publish","format-standard","has-post-thumbnail","hentry","category-appuntamenti"],"_links":{"self":[{"href":"https:\/\/www.radioluna.it\/news\/wp-json\/wp\/v2\/posts\/316715","targetHints":{"allow":["GET"]}}],"collection":[{"href":"https:\/\/www.radioluna.it\/news\/wp-json\/wp\/v2\/posts"}],"about":[{"href":"https:\/\/www.radioluna.it\/news\/wp-json\/wp\/v2\/types\/post"}],"author":[{"embeddable":true,"href":"https:\/\/www.radioluna.it\/news\/wp-json\/wp\/v2\/users\/62"}],"replies":[{"embeddable":true,"href":"https:\/\/www.radioluna.it\/news\/wp-json\/wp\/v2\/comments?post=316715"}],"version-history":[{"count":0,"href":"https:\/\/www.radioluna.it\/news\/wp-json\/wp\/v2\/posts\/316715\/revisions"}],"wp:featuredmedia":[{"embeddable":true,"href":"https:\/\/www.radioluna.it\/news\/wp-json\/wp\/v2\/media\/316716"}],"wp:attachment":[{"href":"https:\/\/www.radioluna.it\/news\/wp-json\/wp\/v2\/media?parent=316715"}],"wp:term":[{"taxonomy":"category","embeddable":true,"href":"https:\/\/www.radioluna.it\/news\/wp-json\/wp\/v2\/categories?post=316715"},{"taxonomy":"post_tag","embeddable":true,"href":"https:\/\/www.radioluna.it\/news\/wp-json\/wp\/v2\/tags?post=316715"}],"curies":[{"name":"wp","href":"https:\/\/api.w.org\/{rel}","templated":true}]}}