{"id":316780,"date":"2022-08-25T11:15:36","date_gmt":"2022-08-25T09:15:36","guid":{"rendered":"https:\/\/www.radioluna.it\/news\/?p=316780"},"modified":"2022-08-25T11:15:36","modified_gmt":"2022-08-25T09:15:36","slug":"coalizione-coletta-incontro-pubblico-al-giardino-della-vita-di-via-tuscolo","status":"publish","type":"post","link":"https:\/\/www.radioluna.it\/news\/2022\/08\/coalizione-coletta-incontro-pubblico-al-giardino-della-vita-di-via-tuscolo\/","title":{"rendered":"Coalizione Coletta incontro pubblico al Giardino della Vita di Via Tuscolo"},"content":{"rendered":"<div id=\"fb-root\"><\/div>\n<p style=\"text-align: justify;\"><strong>LATINA<\/strong> &#8211; Alle ore 18:30 di gioved\u00ec 25 agosto, presso il Giardino della Vita di via Tuscolo, la coalizione a sostegno della candidatura a Sindaco di Damiano Coletta ha organizzato un incontro pubblico con i cittadini e le cittadine residenti. Infatti, le sezioni 40 e 44, che insistono sulla zona, sono chiamate alla rivotazione del 4 settembre. Saranno presenti alcuni candidati delle liste Latina Bene Comune, Partito Democratico, Per Latina 2032 e Riguarda Latina. Con loro, ovviamente, anche Damiano Coletta. &#8220;Sar\u00e0 l\u2019occasione\u00a0 &#8211; spiegano i candidati &#8211; per affrontare, insieme ai cittadini e alle cittadine residenti, le problematiche del quartiere e le principali questioni della citt\u00e0&#8221;.<\/p>\n<p style=\"text-align: justify;\">&#8220;I progetti avviati con l\u2019approvazione del bilancio possono essere ripresi e realizzati gi\u00e0 dal 4 settembre &#8211; aggiungono &#8211;\u00a0 In questo senso sar\u00e0 importante avere una maggioranza chiara e libera dall\u2019ostruzionismo esercitato dall\u2019opposizione. Abbiamo in mente di costruire una citt\u00e0 che possa camminare verso il centenario con gambe solide, e nel bilancio ci sono le risorse necessarie per iniziare a lavorarci&#8221;.<\/p>\n<p style=\"text-align: justify;\">I temi della campagna elettorale: una mobilit\u00e0, che dovr\u00e0 favorire il collegamento della citt\u00e0 con la costa e Latina Scalo; la marina di Latina che deve assumere il posto che le spetta nell\u2019ambito del turismo, valorizzando i suoi luoghi e potenziando il suo commercio; il potenziamento dell\u2019universit\u00e0 che sar\u00e0 uno dei motori di sviluppo della citt\u00e0 con servizi adeguati per i giovani che stanno scegliendo, e sceglieranno, Latina per la propria formazione universitaria; completare il risanamento di parchi e dei giardini; portare a compimento il progetto di ABC e, quindi, il completamento della raccolta differenziata porta a porta.<\/p>\n<p style=\"text-align: justify;\">Prima dell\u2019inizio del confronto, intorno alle ore 18, \u00e8 previsto un momento di gioco per i pi\u00f9 piccoli: l\u2019animazione di Giorgia con i suoi \u201cGiochi di una volta\u201d. Con tante sfide divertenti per bimbi e genitori.<\/p>\n<p style=\"text-align: justify;\">\n<div class=\"radio-posizionamento-telefono-in-articoli-dopo-il-contenuto-articolo radio-entity-placement\" id=\"radio-529336174\"><div id=\"radio-2843882338\"><a href=\"https:\/\/grupporedi.it\/\" aria-label=\"Redi-Qr\"><img loading=\"lazy\" decoding=\"async\" src=\"https:\/\/www.radioluna.it\/news\/wp-content\/uploads\/2026\/03\/Redi-Qr.jpg\" alt=\"\"  srcset=\"https:\/\/www.radioluna.it\/news\/wp-content\/uploads\/2026\/03\/Redi-Qr.jpg 800w, https:\/\/www.radioluna.it\/news\/wp-content\/uploads\/2026\/03\/Redi-Qr-768x639.jpg 768w\" sizes=\"(max-width: 800px) 100vw, 800px\" width=\"300\" height=\"250\"   \/><\/a><\/div><\/div>","protected":false},"excerpt":{"rendered":"<p>LATINA &#8211; Alle ore 18:30 di gioved\u00ec 25 agosto, presso il Giardino della Vita di via Tuscolo, la coalizione a sostegno della candidatura a Sindaco di Damiano Coletta ha organizzato un incontro pubblico con i cittadini e le cittadine residenti. Infatti, le sezioni 40 e 44, che insistono sulla zona, sono chiamate alla rivotazione del [&hellip;]<\/p>\n","protected":false},"author":60,"featured_media":316781,"comment_status":"open","ping_status":"open","sticky":false,"template":"","format":"standard","meta":{"footnotes":""},"categories":[8],"tags":[],"class_list":["post-316780","post","type-post","status-publish","format-standard","has-post-thumbnail","hentry","category-politica"],"_links":{"self":[{"href":"https:\/\/www.radioluna.it\/news\/wp-json\/wp\/v2\/posts\/316780","targetHints":{"allow":["GET"]}}],"collection":[{"href":"https:\/\/www.radioluna.it\/news\/wp-json\/wp\/v2\/posts"}],"about":[{"href":"https:\/\/www.radioluna.it\/news\/wp-json\/wp\/v2\/types\/post"}],"author":[{"embeddable":true,"href":"https:\/\/www.radioluna.it\/news\/wp-json\/wp\/v2\/users\/60"}],"replies":[{"embeddable":true,"href":"https:\/\/www.radioluna.it\/news\/wp-json\/wp\/v2\/comments?post=316780"}],"version-history":[{"count":0,"href":"https:\/\/www.radioluna.it\/news\/wp-json\/wp\/v2\/posts\/316780\/revisions"}],"wp:featuredmedia":[{"embeddable":true,"href":"https:\/\/www.radioluna.it\/news\/wp-json\/wp\/v2\/media\/316781"}],"wp:attachment":[{"href":"https:\/\/www.radioluna.it\/news\/wp-json\/wp\/v2\/media?parent=316780"}],"wp:term":[{"taxonomy":"category","embeddable":true,"href":"https:\/\/www.radioluna.it\/news\/wp-json\/wp\/v2\/categories?post=316780"},{"taxonomy":"post_tag","embeddable":true,"href":"https:\/\/www.radioluna.it\/news\/wp-json\/wp\/v2\/tags?post=316780"}],"curies":[{"name":"wp","href":"https:\/\/api.w.org\/{rel}","templated":true}]}}