{"id":316936,"date":"2022-08-04T09:14:53","date_gmt":"2022-08-04T07:14:53","guid":{"rendered":"https:\/\/www.radioluna.it\/news\/?p=316936"},"modified":"2022-09-04T09:32:44","modified_gmt":"2022-09-04T07:32:44","slug":"lenola-si-chiude-il-processo-informativo-per-la-beatificazione-di-gabriele-mattei","status":"publish","type":"post","link":"https:\/\/www.radioluna.it\/news\/2022\/08\/lenola-si-chiude-il-processo-informativo-per-la-beatificazione-di-gabriele-mattei\/","title":{"rendered":"Lenola, si chiude il processo informativo per la beatificazione di Gabriele Mattei"},"content":{"rendered":"<div id=\"fb-root\"><\/div>\n<p style=\"text-align: justify;\"><strong>LENOLA &#8211; Domenica 4 settembre alle ore 17.30<\/strong> presso il <strong>Santuario diocesano Maria SS.ma del Colle in Lenola<\/strong> si chiuder\u00e0 il processo informativo diocesano per la causa di beatificazione e canonizzazione di <strong>Gabriele Mattei<\/strong>, conosciuto come Deo Gratias, fedele laico, fondatore del Santuario del Colle di Lenola.<\/p>\n<p style=\"text-align: justify;\">La chiusura del processo \u00e8 stata annunciata dall\u2019<strong>Arcivescovo di Gaeta Mons. Luigi Vari<\/strong>, in una lettera ai fedeli dell\u2019Arcidiocesi del 7 luglio. \u201cIn questo tempo che tende ad inchiodare ognuno ai propri errori e che si \u00e8 dimenticato del perdono, in una cultura che da poca fiducia alla possibilit\u00e0 di cambiare, la vita perdonata di Gabriele Mattei \u00e8 come un sospiro di sollievo e fa nascere nel cuore e sulle labbra il ringraziamento e il ripetere il nome con cui era conosciuto: Deo Gratias\u201d.<\/p>\n<p style=\"text-align: justify;\"><img loading=\"lazy\" decoding=\"async\" class=\"wp-image-316939 alignleft\" src=\"https:\/\/www.radioluna.it\/news\/wp-content\/uploads\/2022\/08\/2022-09-04-Locandina-Gabriele-Mattei.jpg\" alt=\"\" width=\"380\" height=\"538\" srcset=\"https:\/\/www.radioluna.it\/news\/wp-content\/uploads\/2022\/08\/2022-09-04-Locandina-Gabriele-Mattei.jpg 919w, https:\/\/www.radioluna.it\/news\/wp-content\/uploads\/2022\/08\/2022-09-04-Locandina-Gabriele-Mattei-768x1086.jpg 768w\" sizes=\"auto, (max-width: 380px) 100vw, 380px\" \/>Alla sessione pubblica con l\u2019Arcivescovo Vari e gli officiali del Tribunale\u00a0 &#8211; spiega in una nota il portavoce della Diocesi Don Maurizio Di Rienzo &#8211; interverranno il Presidente del Comitato pro beatificazione Mons. Mariano Parisella, il postulatore della Causa Avv. Sabatino De Simone ed il Presidente della Commissione storica Prof. Giovanni Pesiri, che illustreranno i passi fatti nei 15 anni di lavoro che sar\u00e0 trasmesso in Vaticano al Dicastero per le Cause dei Santi. Ci saranno poi i momenti ufficiali di chiusura del processo con la lettura del verbale da parte del notaio, Dott. Vincenza Ciarlone; il giuramento del postulatore, nominato portatore del processo a Roma; la firma del verbale da parte dell\u2019Arcivescovo e dei membri del tribunale; la chiusura con sigillo dei tre contenitori dei documenti.<\/p>\n<p style=\"text-align: justify;\"><strong>CHI E&#8217;, LA STORIA<\/strong> &#8211; Gabriele Mattei nacque a Lenola nel 1579. &#8220;A 23 anni, nell\u2019anno 1602 &#8211; si legge in una nota dell&#8217;Arcidiocesi &#8211; mentre \u00e8 nell\u2019atto di vendicarsi per un\u2019offesa ricevuta, ispirato dalla grazia di Dio e dagli splendori della Vergine Maria, \u00e8 segnato da un radicale mutamento di vita. Quale segno di questa ritrovata vita si consacra alla missione di costruire una degna \u201ccasa\u201d alla Vergine, in cui si stabilir\u00e0 come \u201costiario\u201d dopo un periodo di pellegrinaggio attirando da ogni dove folle di devoti e pellegrini e da cui veniva chiamato con il nome di Deo Gratias. Gabriele Mattei rinuncia ad ogni ricchezza e ambizione terrena, vive l\u2019amore a Dio ed al prossimo con una vita di preghiera e carit\u00e0 espressa nell\u2019accoglienza dei pellegrini. Umile, tenace e paziente soffr\u00ec molte prove nelle quali manifest\u00f2 come la vita della grazia lo aveva effettivamente trasformato da lupo rapace in mite agnello. Nelle controversie coglie sempre ogni spunto utile per addivenire a una conciliazione in nome di Dio.<\/p>\n<p style=\"text-align: justify;\">Quando venne ingiustamente imprigionato, il suo primo pensiero fu di chiedere il permesso di tornare a Lenola per assistere i pellegrini ed anche in punto di morte le sue ultime parole furono di perdono per i suoi assassini. Un profondo desiderio di giustizia ha guidato tutta la sua esistenza vissuta in povert\u00e0 e semplicit\u00e0 e il lascito delle sue sostanze gi\u00e0 in vita al Santuario. Negli ultimi anni affront\u00f2 ingiurie, ingiustizie e soprusi nel nome di Dio fino alla morte avvenuta il 3 dicembre 1656 per mano violenta. Delle virt\u00f9 del Servo di Dio erano ben consapevoli quelli che lo conobbero, conterranei e pellegrini di ogni ceto e condizione, i quali a lui si rivolgevano per la fede e i buoni consigli che sapeva offrire. Dopo i solenni funerali e la sepoltura in chiesa le cronache attestano che la preghiera al Servo di Dio era cos\u00ec forte e radicata tanto che nel 1768 il Vescovo dovette imporre un interdetto a chiunque tornasse ad aprire il sepolcro del Servo di Dio. La fama di santit\u00e0 e la preghiera al Servo di Dio hanno ispirato le opere di carit\u00e0 che fino al giorno d\u2019oggi sono attive e la grande quantit\u00e0 di segni e guarigioni che gli sono attribuite&#8221;.<\/p>\n","protected":false},"excerpt":{"rendered":"<p>LENOLA &#8211; Domenica 4 settembre alle ore 17.30 presso il Santuario diocesano Maria SS.ma del Colle in Lenola si chiuder\u00e0 il processo informativo diocesano per la causa di beatificazione e canonizzazione di Gabriele Mattei, conosciuto come Deo Gratias, fedele laico, fondatore del Santuario del Colle di Lenola. La chiusura del processo \u00e8 stata annunciata dall\u2019Arcivescovo [&hellip;]<\/p>\n","protected":false},"author":62,"featured_media":316937,"comment_status":"open","ping_status":"open","sticky":false,"template":"","format":"standard","meta":{"footnotes":""},"categories":[735],"tags":[],"class_list":["post-316936","post","type-post","status-publish","format-standard","has-post-thumbnail","hentry","category-attualita"],"_links":{"self":[{"href":"https:\/\/www.radioluna.it\/news\/wp-json\/wp\/v2\/posts\/316936","targetHints":{"allow":["GET"]}}],"collection":[{"href":"https:\/\/www.radioluna.it\/news\/wp-json\/wp\/v2\/posts"}],"about":[{"href":"https:\/\/www.radioluna.it\/news\/wp-json\/wp\/v2\/types\/post"}],"author":[{"embeddable":true,"href":"https:\/\/www.radioluna.it\/news\/wp-json\/wp\/v2\/users\/62"}],"replies":[{"embeddable":true,"href":"https:\/\/www.radioluna.it\/news\/wp-json\/wp\/v2\/comments?post=316936"}],"version-history":[{"count":0,"href":"https:\/\/www.radioluna.it\/news\/wp-json\/wp\/v2\/posts\/316936\/revisions"}],"wp:featuredmedia":[{"embeddable":true,"href":"https:\/\/www.radioluna.it\/news\/wp-json\/wp\/v2\/media\/316937"}],"wp:attachment":[{"href":"https:\/\/www.radioluna.it\/news\/wp-json\/wp\/v2\/media?parent=316936"}],"wp:term":[{"taxonomy":"category","embeddable":true,"href":"https:\/\/www.radioluna.it\/news\/wp-json\/wp\/v2\/categories?post=316936"},{"taxonomy":"post_tag","embeddable":true,"href":"https:\/\/www.radioluna.it\/news\/wp-json\/wp\/v2\/tags?post=316936"}],"curies":[{"name":"wp","href":"https:\/\/api.w.org\/{rel}","templated":true}]}}