{"id":316996,"date":"2022-09-01T14:23:02","date_gmt":"2022-09-01T12:23:02","guid":{"rendered":"https:\/\/www.radioluna.it\/news\/?p=316996"},"modified":"2022-09-22T15:38:47","modified_gmt":"2022-09-22T13:38:47","slug":"arriva-a-latina-il-portiere-flavio-giannini","status":"publish","type":"post","link":"https:\/\/www.radioluna.it\/news\/2022\/09\/arriva-a-latina-il-portiere-flavio-giannini\/","title":{"rendered":"Arriva a Latina il portiere Flavio Giannini"},"content":{"rendered":"<div id=\"fb-root\"><\/div>\n<p style=\"text-align: justify;\"><strong>LATINA<\/strong> &#8211; Arriva un nuovo innesto per la rosa del Latina Calcio 1932. La societ\u00e0 di Piazzale Serratore \u00e8 infatti lieta di comunicare l\u2019acquisto del portiere Flavio Giannini. Nato a Roma l\u20198 novembre 2000, nonostante la sua giovane et\u00e0, pu\u00f2 gi\u00e0 vantare una grande esperienza nel campionato di Serie D, dove ha collezionato 132 presenze in totale. Il portiere ha iniziato la sua carriera nell\u2019Ostiamare, dove ha conquistato il posto da titolare nella stagione 2017\/2018, mantenendolo per ben quattro stagioni. Lo scorso anno Giannini si \u00e8 trasferito in Sicilia, per diventare il numero uno dell\u2019FC Messina. A dicembre poi \u00e8 arrivato un nuovo cambio di casacca, con l\u2019approdo al Giarre, dove \u00e8 rimasto fino al termine dell\u2019annata. Dopo queste esperienze, nella stagione 2022\/2023 arriva la chiamata del Latina, per affrontare il campionato di Serie C.<\/p>\n<p style=\"text-align: justify;\">La societ\u00e0 Latina Calcio 1932\u00a0 in una nota augura a Flavio Giannini un\u2019annata ricca di soddisfazioni e successi con i colori nerazzurri.<\/p>\n<div class=\"radio-posizionamento-telefono-in-articoli-dopo-il-contenuto-articolo radio-entity-placement\" id=\"radio-2634991787\"><div id=\"radio-1142170242\" style=\"width: 300px;height: 250px;\"><a href=\"https:\/\/www.icarspa.it\/auto\/usate\/latina\/\" aria-label=\"banner aprile icar new life &#8211; auto usate latina\"><img loading=\"lazy\" decoding=\"async\" src=\"https:\/\/www.radioluna.it\/news\/wp-content\/uploads\/2026\/02\/banner-aprile-icar-new-life-auto-usate-latina.gif\" alt=\"\"  width=\"300\" height=\"250\"   \/><\/a><\/div><\/div>","protected":false},"excerpt":{"rendered":"<p>LATINA &#8211; Arriva un nuovo innesto per la rosa del Latina Calcio 1932. La societ\u00e0 di Piazzale Serratore \u00e8 infatti lieta di comunicare l\u2019acquisto del portiere Flavio Giannini. Nato a Roma l\u20198 novembre 2000, nonostante la sua giovane et\u00e0, pu\u00f2 gi\u00e0 vantare una grande esperienza nel campionato di Serie D, dove ha collezionato 132 presenze [&hellip;]<\/p>\n","protected":false},"author":5430,"featured_media":316997,"comment_status":"open","ping_status":"open","sticky":false,"template":"","format":"standard","meta":{"footnotes":""},"categories":[17],"tags":[],"class_list":["post-316996","post","type-post","status-publish","format-standard","has-post-thumbnail","hentry","category-sport"],"_links":{"self":[{"href":"https:\/\/www.radioluna.it\/news\/wp-json\/wp\/v2\/posts\/316996","targetHints":{"allow":["GET"]}}],"collection":[{"href":"https:\/\/www.radioluna.it\/news\/wp-json\/wp\/v2\/posts"}],"about":[{"href":"https:\/\/www.radioluna.it\/news\/wp-json\/wp\/v2\/types\/post"}],"author":[{"embeddable":true,"href":"https:\/\/www.radioluna.it\/news\/wp-json\/wp\/v2\/users\/5430"}],"replies":[{"embeddable":true,"href":"https:\/\/www.radioluna.it\/news\/wp-json\/wp\/v2\/comments?post=316996"}],"version-history":[{"count":0,"href":"https:\/\/www.radioluna.it\/news\/wp-json\/wp\/v2\/posts\/316996\/revisions"}],"wp:featuredmedia":[{"embeddable":true,"href":"https:\/\/www.radioluna.it\/news\/wp-json\/wp\/v2\/media\/316997"}],"wp:attachment":[{"href":"https:\/\/www.radioluna.it\/news\/wp-json\/wp\/v2\/media?parent=316996"}],"wp:term":[{"taxonomy":"category","embeddable":true,"href":"https:\/\/www.radioluna.it\/news\/wp-json\/wp\/v2\/categories?post=316996"},{"taxonomy":"post_tag","embeddable":true,"href":"https:\/\/www.radioluna.it\/news\/wp-json\/wp\/v2\/tags?post=316996"}],"curies":[{"name":"wp","href":"https:\/\/api.w.org\/{rel}","templated":true}]}}