{"id":317003,"date":"2022-09-01T16:35:27","date_gmt":"2022-09-01T14:35:27","guid":{"rendered":"https:\/\/www.radioluna.it\/news\/?p=317003"},"modified":"2022-09-22T15:38:56","modified_gmt":"2022-09-22T13:38:56","slug":"il-latina-calcio-inaugura-lo-store-in-centro-citta-e-presenta-le-nuove-maglie","status":"publish","type":"post","link":"https:\/\/www.radioluna.it\/news\/2022\/09\/il-latina-calcio-inaugura-lo-store-in-centro-citta-e-presenta-le-nuove-maglie\/","title":{"rendered":"Il Latina Calcio inaugura lo store in centro citt\u00e0 e presenta le nuove maglie"},"content":{"rendered":"<div id=\"fb-root\"><\/div>\n<p style=\"text-align: justify;\"><strong>LATINA<\/strong> &#8211; Sar\u00e0 inaugurato venerd\u00ec 2 settembre alle 19 lo Store (fisico) del Latina Calcio 1932. Ad annunciare la presentazione dell&#8217;ultima iniziativa di marketing del club nerazzurro, che ha gi\u00e0 uno store virtuale, \u00e8 stato il presidente del club, Antonio Terracciano. L&#8217;appuntamento \u00e8 in pieno centro citt\u00e0, accanto allo storico Bar Mim\u00ec, in via Eugenio di Savoia 41, all&#8217;interno dell&#8217;isola pedonale,\u00a0 in un locale liberatosi di recente e che oggi si presenta ancora work in progress.<\/p>\n<p style=\"text-align: justify;\">All\u2019inaugurazione del &#8220;negozio nerazzurro&#8221; parteciperanno i calciatori della squadra e saranno anche presentate alla citt\u00e0 e agli sportivi le nuove maglie ufficiali della stagione 2022\/23.<\/p>\n<div class=\"radio-posizionamento-telefono-in-articoli-dopo-il-contenuto-articolo radio-entity-placement\" id=\"radio-3227207528\"><div id=\"radio-1926347758\"><a href=\"https:\/\/grupporedi.it\/\" aria-label=\"Redi-Qr\"><img loading=\"lazy\" decoding=\"async\" src=\"https:\/\/www.radioluna.it\/news\/wp-content\/uploads\/2026\/03\/Redi-Qr.jpg\" alt=\"\"  srcset=\"https:\/\/www.radioluna.it\/news\/wp-content\/uploads\/2026\/03\/Redi-Qr.jpg 800w, https:\/\/www.radioluna.it\/news\/wp-content\/uploads\/2026\/03\/Redi-Qr-768x639.jpg 768w\" sizes=\"(max-width: 800px) 100vw, 800px\" width=\"300\" height=\"250\"   \/><\/a><\/div><\/div>","protected":false},"excerpt":{"rendered":"<p>LATINA &#8211; Sar\u00e0 inaugurato venerd\u00ec 2 settembre alle 19 lo Store (fisico) del Latina Calcio 1932. Ad annunciare la presentazione dell&#8217;ultima iniziativa di marketing del club nerazzurro, che ha gi\u00e0 uno store virtuale, \u00e8 stato il presidente del club, Antonio Terracciano. L&#8217;appuntamento \u00e8 in pieno centro citt\u00e0, accanto allo storico Bar Mim\u00ec, in via Eugenio [&hellip;]<\/p>\n","protected":false},"author":62,"featured_media":317018,"comment_status":"open","ping_status":"open","sticky":false,"template":"","format":"standard","meta":{"footnotes":""},"categories":[17],"tags":[],"class_list":["post-317003","post","type-post","status-publish","format-standard","has-post-thumbnail","hentry","category-sport"],"_links":{"self":[{"href":"https:\/\/www.radioluna.it\/news\/wp-json\/wp\/v2\/posts\/317003","targetHints":{"allow":["GET"]}}],"collection":[{"href":"https:\/\/www.radioluna.it\/news\/wp-json\/wp\/v2\/posts"}],"about":[{"href":"https:\/\/www.radioluna.it\/news\/wp-json\/wp\/v2\/types\/post"}],"author":[{"embeddable":true,"href":"https:\/\/www.radioluna.it\/news\/wp-json\/wp\/v2\/users\/62"}],"replies":[{"embeddable":true,"href":"https:\/\/www.radioluna.it\/news\/wp-json\/wp\/v2\/comments?post=317003"}],"version-history":[{"count":0,"href":"https:\/\/www.radioluna.it\/news\/wp-json\/wp\/v2\/posts\/317003\/revisions"}],"wp:featuredmedia":[{"embeddable":true,"href":"https:\/\/www.radioluna.it\/news\/wp-json\/wp\/v2\/media\/317018"}],"wp:attachment":[{"href":"https:\/\/www.radioluna.it\/news\/wp-json\/wp\/v2\/media?parent=317003"}],"wp:term":[{"taxonomy":"category","embeddable":true,"href":"https:\/\/www.radioluna.it\/news\/wp-json\/wp\/v2\/categories?post=317003"},{"taxonomy":"post_tag","embeddable":true,"href":"https:\/\/www.radioluna.it\/news\/wp-json\/wp\/v2\/tags?post=317003"}],"curies":[{"name":"wp","href":"https:\/\/api.w.org\/{rel}","templated":true}]}}