{"id":317102,"date":"2022-09-02T11:02:11","date_gmt":"2022-09-02T09:02:11","guid":{"rendered":"https:\/\/www.radioluna.it\/news\/?p=317102"},"modified":"2022-09-04T11:36:36","modified_gmt":"2022-09-04T09:36:36","slug":"tre-anni-di-contrasto-alla-criminalita-organizzata-saluta-latina-il-capo-della-squadra-mobile-giuseppe-pontecorvo","status":"publish","type":"post","link":"https:\/\/www.radioluna.it\/news\/2022\/09\/tre-anni-di-contrasto-alla-criminalita-organizzata-saluta-latina-il-capo-della-squadra-mobile-giuseppe-pontecorvo\/","title":{"rendered":"Dopo tre anni di contrasto alla criminalit\u00e0 organizzata, saluta Latina il capo della Squadra Mobile Giuseppe Pontecorvo"},"content":{"rendered":"<div id=\"fb-root\"><\/div>\n<p style=\"text-align: justify;\"><strong>LATINA<\/strong> &#8211; Saluta Latina il dirigente della <strong>Squadra Mobile Giuseppe Pontecorvo<\/strong>, che a partire da luned\u00ec 5 settembre assumer\u00e0 un nuovo prestigioso incarico presso la<strong> Squadra Mobile di Bologna dove sar\u00e0 coordinatore di attivit\u00e0 complesse della Sisco<\/strong> (la sezione investigativa dipendente dal Servizio Centrale Anticrimine<strong>,<\/strong> deputata allo svolgimento delle attivit\u00e0 di indagine sulla criminalit\u00e0 organizzata, sui sistemi criminali complessi).<\/p>\n<p style=\"text-align: justify;\">&#8220;Proprio grazie all\u2019impegno, alla assoluta dedizione e alla professionalit\u00e0 dimostrata dal dottor Pontecorvo\u00a0 &#8211; ha detto il Questore di Latina Michele Maria Spina &#8211; insieme alle donne e agli uomini della Squadra Mobile di Latina, \u00e8 stato possibile concludere le numerosissime operazioni di polizia giudiziaria che hanno disarticolato diverse organizzazioni criminali che opprimevano la citt\u00e0 di Latina e la sua provincia. Prova dell\u2019importanza del lavoro svolto sono i molteplici attestati di stima e gratitudine che stanno giungendo in queste ore da parte della comunit\u00e0&#8221;, ha aggiunto Spina che ha voluto ringraziare il vicequestore aggiunto e manifestargli il suo apprezzamento per il lavoro svolto in questi anni al servizio della comunit\u00e0 di Latina, augurandogli buon lavoro.<\/p>\n<p style=\"text-align: justify;\">Anche Pontecorvo ha voluto fare <strong>il punto sugli anni a Latina<\/strong>: &#8220;<em>Sono trascorsi pi\u00f9 di tre anni dal mio insediamento presso la Squadra Mobile di Latina e, come accade di frequente in questa professione, \u00e8 giunto il momento del cambio di guardia. Prima di andar via e raggiungere Bologna, dove andr\u00f2 a svolgere il mio nuovo incarico, sempre in ambito investigativo, volevo rivolgere un sentito ringraziamento ed un saluto alla citt\u00e0 di Latina. Nel congedarmi, ci tengo a ripercorrere questi anni intensi di lavoro in nome della legalit\u00e0, della trasparenza e a tutela dei cittadini.<\/em><\/p>\n<p style=\"text-align: justify;\"><em>L&#8217;impegno quotidiano profuso in questa direzione insieme agli uomini e alle donne della Polizia di Stato di cui vado fiero, mi rende orgoglioso. Mi auguro che la nostra attivit\u00e0 possa aver contribuito a migliorare questa citt\u00e0 dalle grandi potenzialit\u00e0 e che dimostra di voler guardare al futuro con fiducia nonostante le difficolt\u00e0.\u00a0Colgo inoltre l\u2019occasione per ringraziare Voi giornalisti per la sensibilit\u00e0 e l&#8217;attenzione mostrata in ogni occasione e per aver diffuso, attraverso l&#8217;informazione, il lavoro sul territorio che questo ufficio ha condotto in piena sinergia con l\u2019autorit\u00e0 giudiziaria, i magistrati in particolare della Procura di Latina e della Direzione Distrettuale Antimafia di Roma.<\/em><\/p>\n<p style=\"text-align: justify;\"><em><strong>Il nostro operato, svolto con rettitudine, vuole infondere nella popolazione il coraggio necessario a collaborare con la giustizia<\/strong>, perch\u00e9 soltanto collaborando e stando uniti si possono creare le condizioni ideali per migliorare una citt\u00e0, rendendola sicura, forte e vivibile.<\/em><\/p>\n<p style=\"text-align: justify;\"><em><strong>Porto con me un ricordo straordinario di questa realt\u00e0<\/strong>.\u00a0\u00a0Auguro ad ognuno di continuare a svolgere il proprio dovere con onest\u00e0, dedizione e rigore<\/em>&#8220;.<\/p>\n<div class=\"radio-posizionamento-telefono-in-articoli-dopo-il-contenuto-articolo radio-entity-placement\" id=\"radio-3126040537\"><div id=\"radio-962342877\"><a href=\"https:\/\/www.simeoneceramiche.com\/\" aria-label=\"SIMEONE CERAMICHE GIF animata per radioluna_Tavola disegno 1 copia 2 (online-video-cutter.com)\"><img loading=\"lazy\" decoding=\"async\" src=\"https:\/\/www.radioluna.it\/news\/wp-content\/uploads\/2025\/05\/SIMEONE-CERAMICHE-GIF-animata-per-radioluna_Tavola-disegno-1-copia-2-online-video-cutter.com_.gif\" alt=\"\"  width=\"300\" height=\"250\"   \/><\/a><\/div><\/div>","protected":false},"excerpt":{"rendered":"<p>LATINA &#8211; Saluta Latina il dirigente della Squadra Mobile Giuseppe Pontecorvo, che a partire da luned\u00ec 5 settembre assumer\u00e0 un nuovo prestigioso incarico presso la Squadra Mobile di Bologna dove sar\u00e0 coordinatore di attivit\u00e0 complesse della Sisco (la sezione investigativa dipendente dal Servizio Centrale Anticrimine, deputata allo svolgimento delle attivit\u00e0 di indagine sulla criminalit\u00e0 organizzata, [&hellip;]<\/p>\n","protected":false},"author":62,"featured_media":317103,"comment_status":"open","ping_status":"open","sticky":false,"template":"","format":"standard","meta":{"footnotes":""},"categories":[7],"tags":[],"class_list":["post-317102","post","type-post","status-publish","format-standard","has-post-thumbnail","hentry","category-cronaca"],"_links":{"self":[{"href":"https:\/\/www.radioluna.it\/news\/wp-json\/wp\/v2\/posts\/317102","targetHints":{"allow":["GET"]}}],"collection":[{"href":"https:\/\/www.radioluna.it\/news\/wp-json\/wp\/v2\/posts"}],"about":[{"href":"https:\/\/www.radioluna.it\/news\/wp-json\/wp\/v2\/types\/post"}],"author":[{"embeddable":true,"href":"https:\/\/www.radioluna.it\/news\/wp-json\/wp\/v2\/users\/62"}],"replies":[{"embeddable":true,"href":"https:\/\/www.radioluna.it\/news\/wp-json\/wp\/v2\/comments?post=317102"}],"version-history":[{"count":0,"href":"https:\/\/www.radioluna.it\/news\/wp-json\/wp\/v2\/posts\/317102\/revisions"}],"wp:featuredmedia":[{"embeddable":true,"href":"https:\/\/www.radioluna.it\/news\/wp-json\/wp\/v2\/media\/317103"}],"wp:attachment":[{"href":"https:\/\/www.radioluna.it\/news\/wp-json\/wp\/v2\/media?parent=317102"}],"wp:term":[{"taxonomy":"category","embeddable":true,"href":"https:\/\/www.radioluna.it\/news\/wp-json\/wp\/v2\/categories?post=317102"},{"taxonomy":"post_tag","embeddable":true,"href":"https:\/\/www.radioluna.it\/news\/wp-json\/wp\/v2\/tags?post=317102"}],"curies":[{"name":"wp","href":"https:\/\/api.w.org\/{rel}","templated":true}]}}