{"id":317248,"date":"2022-09-05T12:33:31","date_gmt":"2022-09-05T10:33:31","guid":{"rendered":"https:\/\/www.radioluna.it\/news\/?p=317248"},"modified":"2022-09-22T15:39:00","modified_gmt":"2022-09-22T13:39:00","slug":"ponza-al-wine-art-fest-di-napoli-con-il-biancolella","status":"publish","type":"post","link":"https:\/\/www.radioluna.it\/news\/2022\/09\/ponza-al-wine-art-fest-di-napoli-con-il-biancolella\/","title":{"rendered":"Ponza al Wine Art Fest di Napoli con il Biancolella"},"content":{"rendered":"<div id=\"fb-root\"><\/div>\n<p style=\"text-align: justify;\"><strong>PONZA<\/strong> &#8211; Con le tre cantine che coltivano sull\u2019isola l\u2019uva Biancolella, Ponza sar\u00e0 presente nel complesso monumentale di San Domenico Maggiore, nel centro antico di Napoli, al Wine Art Fest 2022 (dal 15 al 17 settembre).<\/p>\n<p style=\"text-align: justify;\">Con il vitigno a bacca bianca che arriv\u00f2 sull&#8217;isola da Ischia nel lontano 1734, producono Casale del Giglio, Antiche Cantine Migliaccio e Marisa Taffuri che faranno parlare di s\u00e9 alla convention nata per promuovere le eccellenze enologiche euromediterranee. Un programma di incontri tra eccellenze, vino, arte, spettacolo e buona musica.<\/p>\n<p style=\"text-align: justify;\">&#8220;L&#8217;isola di Ponza \u00e8 dimostrazione che la storia di un territorio pu\u00f2 essere raccontata attraverso le sue eccellenze enogastronomiche: ogni prodotto, piatto, materia prima \u00e8 sinonimo di tradizione. Il vino \u00e8 forse l\u2019elemento che pi\u00f9 di tutti \u00e8 in grado di testimoniare l&#8217;incontro tra passato e presente dell\u2019isola &#8211; dicono dal Comune isolano &#8211;\u00a0Il territorio impervio dell\u2019isola, i luoghi incontaminati, la terra, il sole e l&#8217;acqua salata fanno dei vini isolani un\u2019eccellenza&#8221;.<\/p>\n<p style=\"text-align: justify;\">L&#8217;uva Biancolella di Ponza pu\u00f2 essere considerata a tutti gli effetti un vitigno autoctono ed \u00e8 riconosciuta nel registro regionale delle variet\u00e0 di vite classificate idonee alla produzione di uva da vino del Lazio; questo ne consente la coltivazione solo nell&#8217;arcipelago Pontino e la possibilit\u00e0 di utilizzarla per la produzione di vini Igt.<\/p>\n<p style=\"text-align: justify;\">&#8220;Un grande orgoglio per Ponza essere stati invitati ad un evento di portata internazionale che vedr\u00e0 coinvolte realt\u00e0 enogastronomiche e turistiche dei paesi che affacciano sul Mediterraneo&#8221;, dicono dall&#8217;Amministrazione locale.<\/p>\n<p style=\"text-align: justify;\">\n<div class=\"radio-posizionamento-telefono-in-articoli-dopo-il-contenuto-articolo radio-entity-placement\" id=\"radio-875023513\"><div id=\"radio-2893004976\" style=\"width: 300px;height: 250px;\"><a href=\"https:\/\/www.icarspa.it\/auto\/usate\/latina\/\" aria-label=\"banner aprile icar new life &#8211; auto usate latina\"><img loading=\"lazy\" decoding=\"async\" src=\"https:\/\/www.radioluna.it\/news\/wp-content\/uploads\/2026\/02\/banner-aprile-icar-new-life-auto-usate-latina.gif\" alt=\"\"  width=\"300\" height=\"250\"   \/><\/a><\/div><\/div>","protected":false},"excerpt":{"rendered":"<p>PONZA &#8211; Con le tre cantine che coltivano sull\u2019isola l\u2019uva Biancolella, Ponza sar\u00e0 presente nel complesso monumentale di San Domenico Maggiore, nel centro antico di Napoli, al Wine Art Fest 2022 (dal 15 al 17 settembre). Con il vitigno a bacca bianca che arriv\u00f2 sull&#8217;isola da Ischia nel lontano 1734, producono Casale del Giglio, Antiche [&hellip;]<\/p>\n","protected":false},"author":62,"featured_media":317249,"comment_status":"open","ping_status":"open","sticky":false,"template":"","format":"standard","meta":{"footnotes":""},"categories":[16],"tags":[],"class_list":["post-317248","post","type-post","status-publish","format-standard","has-post-thumbnail","hentry","category-appuntamenti"],"_links":{"self":[{"href":"https:\/\/www.radioluna.it\/news\/wp-json\/wp\/v2\/posts\/317248","targetHints":{"allow":["GET"]}}],"collection":[{"href":"https:\/\/www.radioluna.it\/news\/wp-json\/wp\/v2\/posts"}],"about":[{"href":"https:\/\/www.radioluna.it\/news\/wp-json\/wp\/v2\/types\/post"}],"author":[{"embeddable":true,"href":"https:\/\/www.radioluna.it\/news\/wp-json\/wp\/v2\/users\/62"}],"replies":[{"embeddable":true,"href":"https:\/\/www.radioluna.it\/news\/wp-json\/wp\/v2\/comments?post=317248"}],"version-history":[{"count":0,"href":"https:\/\/www.radioluna.it\/news\/wp-json\/wp\/v2\/posts\/317248\/revisions"}],"wp:featuredmedia":[{"embeddable":true,"href":"https:\/\/www.radioluna.it\/news\/wp-json\/wp\/v2\/media\/317249"}],"wp:attachment":[{"href":"https:\/\/www.radioluna.it\/news\/wp-json\/wp\/v2\/media?parent=317248"}],"wp:term":[{"taxonomy":"category","embeddable":true,"href":"https:\/\/www.radioluna.it\/news\/wp-json\/wp\/v2\/categories?post=317248"},{"taxonomy":"post_tag","embeddable":true,"href":"https:\/\/www.radioluna.it\/news\/wp-json\/wp\/v2\/tags?post=317248"}],"curies":[{"name":"wp","href":"https:\/\/api.w.org\/{rel}","templated":true}]}}