{"id":317253,"date":"2022-09-05T12:48:01","date_gmt":"2022-09-05T10:48:01","guid":{"rendered":"https:\/\/www.radioluna.it\/news\/?p=317253"},"modified":"2022-09-05T12:48:01","modified_gmt":"2022-09-05T10:48:01","slug":"vittoria-di-coletta-laureti-pd-il-centrosinistra-unito-puo-vincere","status":"publish","type":"post","link":"https:\/\/www.radioluna.it\/news\/2022\/09\/vittoria-di-coletta-laureti-pd-il-centrosinistra-unito-puo-vincere\/","title":{"rendered":"Vittoria di Coletta, Laureti (Pd): &#8220;Il centrosinistra unito pu\u00f2 vincere&#8221;"},"content":{"rendered":"<div id=\"fb-root\"><\/div>\n<p style=\"text-align: justify;\"><strong>LATINA<\/strong> &#8211; &#8220;La vittoria di Damiano Coletta in questa tornata elettorale condizionata dalla vicinanza con il voto per le politiche rappresenta un segnale chiaro che il centrosinistra unito e con un progetto concreto pu\u00f2 vincere ovunque, battendo il populismo della destra&#8221;. Cos\u00ec in una nota l&#8217;europarlamentare del Pd, Camilla Laureti (nella foto da Fb con il consigliere regionale di Latina Enrico Forte).<\/p>\n<p style=\"text-align: justify;\">&#8220;Ci congratuliamo con il sindaco Coletta che ha saputo governare per cinque anni una citt\u00e0 dilaniata da anni di mal governo della destra, riportando anche attraverso il suo profilo civico una credibilit\u00e0 e seriet\u00e0 delle istituzioni che i cittadini hanno deciso di premiare. Si tratta di un modello di concretezza vincente sul quale sono convinta che punteranno gli italiani anche in questa campagna elettorale, dove \u00e8 sempre pi\u00f9 evidente la differenza fra chi ha in mente soluzioni concrete ai problemi e chi invece, con l&#8217;ambiguit\u00e0 tipica del populismo, preferisce fare promesse irrealizzabili agli italiani&#8221;, conclude Laureti.<\/p>\n<div class=\"radio-posizionamento-telefono-in-articoli-dopo-il-contenuto-articolo radio-entity-placement\" id=\"radio-2669180732\"><div id=\"radio-3615916043\"><a href=\"https:\/\/www.simeoneceramiche.com\/\" aria-label=\"SIMEONE CERAMICHE GIF animata per radioluna_Tavola disegno 1 copia 2 (online-video-cutter.com)\"><img loading=\"lazy\" decoding=\"async\" src=\"https:\/\/www.radioluna.it\/news\/wp-content\/uploads\/2025\/05\/SIMEONE-CERAMICHE-GIF-animata-per-radioluna_Tavola-disegno-1-copia-2-online-video-cutter.com_.gif\" alt=\"\"  width=\"300\" height=\"250\"   \/><\/a><\/div><\/div>","protected":false},"excerpt":{"rendered":"<p>LATINA &#8211; &#8220;La vittoria di Damiano Coletta in questa tornata elettorale condizionata dalla vicinanza con il voto per le politiche rappresenta un segnale chiaro che il centrosinistra unito e con un progetto concreto pu\u00f2 vincere ovunque, battendo il populismo della destra&#8221;. Cos\u00ec in una nota l&#8217;europarlamentare del Pd, Camilla Laureti (nella foto da Fb con [&hellip;]<\/p>\n","protected":false},"author":60,"featured_media":317254,"comment_status":"open","ping_status":"open","sticky":false,"template":"","format":"standard","meta":{"footnotes":""},"categories":[8],"tags":[],"class_list":["post-317253","post","type-post","status-publish","format-standard","has-post-thumbnail","hentry","category-politica"],"_links":{"self":[{"href":"https:\/\/www.radioluna.it\/news\/wp-json\/wp\/v2\/posts\/317253","targetHints":{"allow":["GET"]}}],"collection":[{"href":"https:\/\/www.radioluna.it\/news\/wp-json\/wp\/v2\/posts"}],"about":[{"href":"https:\/\/www.radioluna.it\/news\/wp-json\/wp\/v2\/types\/post"}],"author":[{"embeddable":true,"href":"https:\/\/www.radioluna.it\/news\/wp-json\/wp\/v2\/users\/60"}],"replies":[{"embeddable":true,"href":"https:\/\/www.radioluna.it\/news\/wp-json\/wp\/v2\/comments?post=317253"}],"version-history":[{"count":0,"href":"https:\/\/www.radioluna.it\/news\/wp-json\/wp\/v2\/posts\/317253\/revisions"}],"wp:featuredmedia":[{"embeddable":true,"href":"https:\/\/www.radioluna.it\/news\/wp-json\/wp\/v2\/media\/317254"}],"wp:attachment":[{"href":"https:\/\/www.radioluna.it\/news\/wp-json\/wp\/v2\/media?parent=317253"}],"wp:term":[{"taxonomy":"category","embeddable":true,"href":"https:\/\/www.radioluna.it\/news\/wp-json\/wp\/v2\/categories?post=317253"},{"taxonomy":"post_tag","embeddable":true,"href":"https:\/\/www.radioluna.it\/news\/wp-json\/wp\/v2\/tags?post=317253"}],"curies":[{"name":"wp","href":"https:\/\/api.w.org\/{rel}","templated":true}]}}