{"id":317267,"date":"2022-09-05T13:47:29","date_gmt":"2022-09-05T11:47:29","guid":{"rendered":"https:\/\/www.radioluna.it\/news\/?p=317267"},"modified":"2022-09-05T15:47:33","modified_gmt":"2022-09-05T13:47:33","slug":"elezioni-calandrini-fdi-sfiduceremo-coletta","status":"publish","type":"post","link":"https:\/\/www.radioluna.it\/news\/2022\/09\/elezioni-calandrini-fdi-sfiduceremo-coletta\/","title":{"rendered":"Elezioni, Calandrini (FdI): &#8220;Abbiamo vinto noi, avviso di sfratto a Coletta: lo sfiduceremo&#8221;"},"content":{"rendered":"<div id=\"fb-root\"><\/div>\n<p style=\"text-align: justify;\"><strong>LATINA &#8211;<\/strong> &#8220;La ripetizione del voto delle elezioni amministrative di Latina restituisce una straordinaria performance del candidato sindaco Vincenzo Zaccheo che per un soffio ha mancato la vittoria al primo turno. Il 60% degli elettori, ieri, ha scelto ancora una volta il candidato del centrodestra, anche se ci\u00f2 non \u00e8 bastato per superare la met\u00e0 dei voti totali necessari per poter avere la vittoria al primo turno. Il dato inequivocabile \u00e8 che Fratelli d\u2019Italia cresce e si conferma primo partito della citt\u00e0 e primo partito del centrodestra&#8221; . Lo dichiara il coordinatore provinciale di Fratelli d\u2019Italia Latina senatore Nicola Calandrini<br \/>\n&#8220;Confrontando i dati del 3-4 ottobre 2021 con i dati delle 116 sezioni ratificati con il voto di ieri, Fratelli d\u2019Italia passa da 8.899 voti a 8.917, a fronte di una diminuzione del numero dei votanti di circa 3.000 unit\u00e0 &#8211; aggiunge Calandrini &#8211;\u00a0 Fratelli d\u2019Italia consolida dunque la sua posizione, raccogliendo il 18% nelle 22 sezioni che hanno votato ieri, e raggiungendo il 15,5% su tutte le 116 sezioni, un incremento di oltre mezzo punto percentuale rispetto al risultato di ottobre 2021.<br \/>\nTutto il centrodestra complessivamente non solo si conferma maggioranza della citt\u00e0, ma incrementa la propria percentuale che passa dal 53 al 54,5%.<br \/>\nQuesto \u00e8 un avviso di sfratto a Damiano Coletta che oggi festeggia sentendosi nuovamente sindaco di Latina. La verit\u00e0 \u00e8 che non aveva una maggioranza prima, e non ce l\u2019ha neanche adesso.<br \/>\nIl centrodestra non potr\u00e0 che sfiduciarlo, perch\u00e9 questo \u00e8 quello che ci chiedono gli elettori con il voto di ieri, e questo \u00e8 quello che \u00e8 giusto fare in nome di una coalizione che \u00e8 unita nelle elezioni nazionali che si terranno tra 20 giorni, sar\u00e0 unita nelle elezioni regionali tra qualche mese, e che non potr\u00e0 creare eccezioni nella seconda citt\u00e0 del Lazio&#8221;.<\/p>\n<p style=\"text-align: justify;\"><strong>PROCACCINI<\/strong> &#8211;\u00a0\u201cSono surreali le dichiarazioni di giubilo di Nicola Zingaretti ed Enrico Letta sul risultato elettorale di Latina, dove il candidato di centrodestra, Vincenzo Zaccheo con il 60,5% dei voti ha quasi doppiato Damiano Coletta, e dove i consiglieri di centrodestra saranno 20 su 33. La verit\u00e0 \u00e8 che la citt\u00e0 di Latina ha sfiduciato Damiano Coletta. E\u2019 il dato essenziale arrivato dalla mini tornata elettorale che si \u00e8 svolta ieri su cui Letta, Zingaretti e il centrosinistra dovrebbero fare ben altre riflessioni, nel rispetto di una citt\u00e0 portata al degrado negli ultimi sette anni dall\u2019amministrazione Coletta.<\/p>\n<p style=\"text-align: justify;\">La volont\u00e0 dei cittadini di Latina \u00e8 chiara, con un consenso netto a favore di Vincenzo Zaccheo, come gi\u00e0 nel primo turno precedente, e del centrodestra. Si tratta di un risultato evidente che in particolare premia Fratelli d\u2019Italia, che si conferma di gran lunga il partito pi\u00f9 votato in citt\u00e0. Ora \u00e8 importante restituire a Latina ci\u00f2 che i cittadini hanno deciso: un\u2019amministrazione comunale di centrodestra\u201d.<\/p>\n<p style=\"text-align: justify;\">\n<div class=\"radio-posizionamento-telefono-in-articoli-dopo-il-contenuto-articolo radio-entity-placement\" id=\"radio-3499084049\"><div id=\"radio-2665096605\" style=\"width: 300px;height: 250px;\"><a href=\"https:\/\/www.icarspa.it\/auto\/usate\/latina\/\" aria-label=\"banner aprile icar new life &#8211; auto usate latina\"><img loading=\"lazy\" decoding=\"async\" src=\"https:\/\/www.radioluna.it\/news\/wp-content\/uploads\/2026\/02\/banner-aprile-icar-new-life-auto-usate-latina.gif\" alt=\"\"  width=\"300\" height=\"250\"   \/><\/a><\/div><\/div>","protected":false},"excerpt":{"rendered":"<p>LATINA &#8211; &#8220;La ripetizione del voto delle elezioni amministrative di Latina restituisce una straordinaria performance del candidato sindaco Vincenzo Zaccheo che per un soffio ha mancato la vittoria al primo turno. Il 60% degli elettori, ieri, ha scelto ancora una volta il candidato del centrodestra, anche se ci\u00f2 non \u00e8 bastato per superare la met\u00e0 [&hellip;]<\/p>\n","protected":false},"author":62,"featured_media":310638,"comment_status":"open","ping_status":"open","sticky":false,"template":"","format":"standard","meta":{"footnotes":""},"categories":[8],"tags":[],"class_list":["post-317267","post","type-post","status-publish","format-standard","has-post-thumbnail","hentry","category-politica"],"_links":{"self":[{"href":"https:\/\/www.radioluna.it\/news\/wp-json\/wp\/v2\/posts\/317267","targetHints":{"allow":["GET"]}}],"collection":[{"href":"https:\/\/www.radioluna.it\/news\/wp-json\/wp\/v2\/posts"}],"about":[{"href":"https:\/\/www.radioluna.it\/news\/wp-json\/wp\/v2\/types\/post"}],"author":[{"embeddable":true,"href":"https:\/\/www.radioluna.it\/news\/wp-json\/wp\/v2\/users\/62"}],"replies":[{"embeddable":true,"href":"https:\/\/www.radioluna.it\/news\/wp-json\/wp\/v2\/comments?post=317267"}],"version-history":[{"count":0,"href":"https:\/\/www.radioluna.it\/news\/wp-json\/wp\/v2\/posts\/317267\/revisions"}],"wp:featuredmedia":[{"embeddable":true,"href":"https:\/\/www.radioluna.it\/news\/wp-json\/wp\/v2\/media\/310638"}],"wp:attachment":[{"href":"https:\/\/www.radioluna.it\/news\/wp-json\/wp\/v2\/media?parent=317267"}],"wp:term":[{"taxonomy":"category","embeddable":true,"href":"https:\/\/www.radioluna.it\/news\/wp-json\/wp\/v2\/categories?post=317267"},{"taxonomy":"post_tag","embeddable":true,"href":"https:\/\/www.radioluna.it\/news\/wp-json\/wp\/v2\/tags?post=317267"}],"curies":[{"name":"wp","href":"https:\/\/api.w.org\/{rel}","templated":true}]}}