{"id":317301,"date":"2022-09-07T09:05:59","date_gmt":"2022-09-07T07:05:59","guid":{"rendered":"https:\/\/www.radioluna.it\/news\/?p=317301"},"modified":"2022-09-09T17:49:11","modified_gmt":"2022-09-09T15:49:11","slug":"elezioni-a-latina-il-voto-bis-nelle-22-sezioni-potrebbe-non-bastare-zaccheo-chiede-anche-il-ballottaggio","status":"publish","type":"post","link":"https:\/\/www.radioluna.it\/news\/2022\/09\/elezioni-a-latina-il-voto-bis-nelle-22-sezioni-potrebbe-non-bastare-zaccheo-chiede-anche-il-ballottaggio\/","title":{"rendered":"Elezioni a Latina, il voto-bis nelle 22 sezioni potrebbe non bastare: Zaccheo chiede anche il ballottaggio"},"content":{"rendered":"<div id=\"fb-root\"><\/div>\n<p><iframe loading=\"lazy\" style=\"border: none; overflow: hidden;\" src=\"https:\/\/www.facebook.com\/plugins\/video.php?height=314&amp;href=https%3A%2F%2Fwww.facebook.com%2Fdamianocoletta8%2Fvideos%2F750308589593076%2F&amp;show_text=false&amp;width=560&amp;t=0\" width=\"560\" height=\"314\" frameborder=\"0\" scrolling=\"no\" allowfullscreen=\"allowfullscreen\"><\/iframe><\/p>\n<p style=\"text-align: justify;\"><strong>LATINA &#8211;<\/strong> Nuovo colpo di scena a Latina. Non \u00e8 bastata la mini tornata elettorale del 4 settembre per ridare un\u2019amministrazione alla citt\u00e0 capoluogo. Ieri infatti, all&#8217;indomani della consultazione elettorale di domenica nelle 22 sezioni in cui il voto era stato annullato,\u00a0 prima che la commissione elettorale proclamasse gli eletti, una memoria depositata dallo sconfitto Vincenzo Zaccheo\u00a0 chiede che si fermi tutto e che si proceda anche ad un nuovo turno di ballottaggio.<\/p>\n<p style=\"text-align: justify;\">Una ipotesi che prima di ieri non era in agenda: dopo l&#8217;accoglimento del ricorso del centrodestra da parte del Tar, la conferma del Consiglio di Stato e l&#8217;annullamento del voto nelle 22 sezioni, infatti era stato deciso (e sembrava pacifico) che, se Zaccheo avesse vinto al primo turno, sarebbe diventato sindaco con una cancellazione retroattiva del ballottaggio di ottobre 2021 che decret\u00f2 la vittoria di Coletta. Se invece la ripetizione del voto non avesse cambiato la situazione, e Zaccheo non avesse superato il 50%+1 delle preferenze, allora sarebbe rimasto valido il risultato decretato dalla sfida finale gi\u00e0 giocata 11 mesi fa. E quello che domenica \u00e8 accaduto \u00e8 una situazione praticamente speculare alla precedente: 11 mesi fa Zaccheo ha prevalso in quasi tutte le sezioni, ma senza riuscire a superare il 50%+1 esattamente come domenica. Dunque nulla \u00e8 cambiato rispetto ad allora.<\/p>\n<p style=\"text-align: justify;\">La notizia del nuovo stop arrivata mentre si attendeva la proclamazione degli eletti ha fatto arrabbiare Damiano Coletta:\u00a0 &#8220;Cos\u00ec si attenta alla democrazia&#8221;, ha detto in un video diffuso sui social.<\/p>\n<p>Zaccheo spiega invece che la decisione di presentare la memoria e chiedere il ballottaggio non \u00e8 sua, ma di tutti i partiti della coalizione che l&#8217;hanno condivisa e sottoscritta.<\/p>\n<p style=\"text-align: justify;\">Dunque Latina resta commissariata: la questione viene esaminata in queste ore dal Prefetto di Latina Maurizio Falco che dovr\u00e0 decidere come procedere, mentre il commissariamento va avanti e si avvicinano le politiche. Tante le domande sorgono spontanee e la prima \u00e8: il ballottaggio eventuale interesserebbe solo le 22 sezioni o sarebbe una ripetizione di tutta la consultazione?<\/p>\n<div class=\"radio-posizionamento-telefono-in-articoli-dopo-il-contenuto-articolo radio-entity-placement\" id=\"radio-104554526\"><div id=\"radio-4085677789\"><a href=\"https:\/\/grupporedi.it\/\" aria-label=\"Redi-Qr\"><img loading=\"lazy\" decoding=\"async\" src=\"https:\/\/www.radioluna.it\/news\/wp-content\/uploads\/2026\/03\/Redi-Qr.jpg\" alt=\"\"  srcset=\"https:\/\/www.radioluna.it\/news\/wp-content\/uploads\/2026\/03\/Redi-Qr.jpg 800w, https:\/\/www.radioluna.it\/news\/wp-content\/uploads\/2026\/03\/Redi-Qr-768x639.jpg 768w\" sizes=\"(max-width: 800px) 100vw, 800px\" width=\"300\" height=\"250\"   \/><\/a><\/div><\/div>","protected":false},"excerpt":{"rendered":"<p>LATINA &#8211; Nuovo colpo di scena a Latina. Non \u00e8 bastata la mini tornata elettorale del 4 settembre per ridare un\u2019amministrazione alla citt\u00e0 capoluogo. Ieri infatti, all&#8217;indomani della consultazione elettorale di domenica nelle 22 sezioni in cui il voto era stato annullato,\u00a0 prima che la commissione elettorale proclamasse gli eletti, una memoria depositata dallo sconfitto [&hellip;]<\/p>\n","protected":false},"author":62,"featured_media":298957,"comment_status":"open","ping_status":"open","sticky":false,"template":"","format":"standard","meta":{"footnotes":""},"categories":[8],"tags":[],"class_list":["post-317301","post","type-post","status-publish","format-standard","has-post-thumbnail","hentry","category-politica"],"_links":{"self":[{"href":"https:\/\/www.radioluna.it\/news\/wp-json\/wp\/v2\/posts\/317301","targetHints":{"allow":["GET"]}}],"collection":[{"href":"https:\/\/www.radioluna.it\/news\/wp-json\/wp\/v2\/posts"}],"about":[{"href":"https:\/\/www.radioluna.it\/news\/wp-json\/wp\/v2\/types\/post"}],"author":[{"embeddable":true,"href":"https:\/\/www.radioluna.it\/news\/wp-json\/wp\/v2\/users\/62"}],"replies":[{"embeddable":true,"href":"https:\/\/www.radioluna.it\/news\/wp-json\/wp\/v2\/comments?post=317301"}],"version-history":[{"count":0,"href":"https:\/\/www.radioluna.it\/news\/wp-json\/wp\/v2\/posts\/317301\/revisions"}],"wp:featuredmedia":[{"embeddable":true,"href":"https:\/\/www.radioluna.it\/news\/wp-json\/wp\/v2\/media\/298957"}],"wp:attachment":[{"href":"https:\/\/www.radioluna.it\/news\/wp-json\/wp\/v2\/media?parent=317301"}],"wp:term":[{"taxonomy":"category","embeddable":true,"href":"https:\/\/www.radioluna.it\/news\/wp-json\/wp\/v2\/categories?post=317301"},{"taxonomy":"post_tag","embeddable":true,"href":"https:\/\/www.radioluna.it\/news\/wp-json\/wp\/v2\/tags?post=317301"}],"curies":[{"name":"wp","href":"https:\/\/api.w.org\/{rel}","templated":true}]}}