{"id":317424,"date":"2022-09-09T10:19:15","date_gmt":"2022-09-09T08:19:15","guid":{"rendered":"https:\/\/www.radioluna.it\/news\/?p=317424"},"modified":"2022-09-12T07:57:20","modified_gmt":"2022-09-12T05:57:20","slug":"jose-miguel-gutierrez-e-un-nuovo-giocatore-della-top-volley-cisterna","status":"publish","type":"post","link":"https:\/\/www.radioluna.it\/news\/2022\/09\/jose-miguel-gutierrez-e-un-nuovo-giocatore-della-top-volley-cisterna\/","title":{"rendered":"Jos\u00e8 Miguel Guti\u00e8rrez\u00a0\u00e8 un nuovo giocatore della Top Volley Cisterna"},"content":{"rendered":"<div id=\"fb-root\"><\/div>\n<p style=\"text-align: justify;\"><strong>CISTERNA DI LATINA<\/strong> \u2013 Nuova pedina per la rosa della\u00a0Top Volley Cisterna\u00a0che mette a segno un nuovo colpo di mercato.\u00a0Jos\u00e8 Miguel Guti\u00e8rrez\u00a0\u00e8 un nuovo giocatore bianco blu. Il giovane schiacciatore cubano, classe 2001, \u00e8 reduce dalla partecipazione al mondiale con la sua nazionale, in corso in Polonia e Slovenia, finito agli ottavi di finale, dopo la sconfitta con l\u2019Italia. Il martello cubano, sbarcato a Fiumicino luned\u00ec sera, si \u00e8 unito subito al gruppo, mettendosi in mostra gi\u00e0 durante l\u2019allenamento congiunto di mercoled\u00ec sera contro il Tuscania.<\/p>\n<p style=\"text-align: justify;\">Guti\u00e8rrez\u00a0arriva a\u00a0Cisterna\u00a0dopo due stagioni passante in\u00a0Francia\u00a0dove l\u2019anno scorso ha vestito la casacca dello Chaumont Volley-Ball 52 e nella stagione 2020\/2021 con lo Stade Poitevin Poitier. Alto 194 centimetri per un peso di 80 chili,\u00a0Gutierrez\u00a0attacca a 3 metri e mezzo e difende a 3,35. Di certo un\u2019altra cartuccia letale nella rosa della\u00a0Top Volley\u00a0a disposizione di coach\u00a0Fabio Soli. Agile e potente, l\u2019arma in pi\u00f9 di\u00a0Gutierrez\u00a0\u00e8 sicuramente la velocit\u00e0 in schiacciata nell\u2019attaccare con potenza la palla, elemento determinante per mandare in confusione il muro degli avversari.<\/p>\n<p style=\"text-align: justify;\">\u00a0\u201cSono molto orgoglioso di essere qui &#8211; ha detto &#8211; Cisterna \u00e8 la mia nuova casa. La Top Volley \u00e8 un&#8217;esperienza nuova per una sfida avvincente, \u00e8 il mio primo anno in Italia. Tutti i giocatori di pallavolo sognano di giocare nel pi\u00f9 bel campionato del mondo. Per me \u00e8 importante misurare le mie capacit\u00e0 di atleta e fare bene, ma soprattutto conquistare punti per la gioia dei tifosi e per ringraziare la societ\u00e0 per avermi scelto\u201d.<\/p>\n<p style=\"text-align: justify;\">Intanto continua la marcia di preparazione al prossimo campionato di Superlega. Sabato\u00a010 settembre\u00a0alle\u00a016.30, al\u00a0Palasport\u00a0di via delle province arriva la\u00a0Cave Del Sole Lagonegro, squadra che milita nel campionato di serie A2. Nuovo allenamento congiunto dopo quello vinto 4-0 contro il Tuscania. Coach\u00a0Soli\u00a0potr\u00e0 tornare a sperimentare in campo gli aspetti tattici della squadra, dopo un mese di lavoro fisico mirato a potenziare gli atleti. Sabato pomeriggio,\u00a0Baranowicz\u00a0e compagni, cercheranno di migliorare il feeling di squadra contro il sestetto proposto da coach\u00a0Barbiero.<\/p>\n<p style=\"text-align: justify;\">\n<p>&nbsp;<\/p>\n<div class=\"radio-posizionamento-telefono-in-articoli-dopo-il-contenuto-articolo radio-entity-placement\" id=\"radio-14457182\"><div id=\"radio-3255380456\" style=\"width: 300px;height: 250px;\"><a href=\"https:\/\/www.icarspa.it\/auto\/usate\/latina\/\" aria-label=\"banner aprile icar new life &#8211; auto usate latina\"><img loading=\"lazy\" decoding=\"async\" src=\"https:\/\/www.radioluna.it\/news\/wp-content\/uploads\/2026\/02\/banner-aprile-icar-new-life-auto-usate-latina.gif\" alt=\"\"  width=\"300\" height=\"250\"   \/><\/a><\/div><\/div>","protected":false},"excerpt":{"rendered":"<p>CISTERNA DI LATINA \u2013 Nuova pedina per la rosa della\u00a0Top Volley Cisterna\u00a0che mette a segno un nuovo colpo di mercato.\u00a0Jos\u00e8 Miguel Guti\u00e8rrez\u00a0\u00e8 un nuovo giocatore bianco blu. Il giovane schiacciatore cubano, classe 2001, \u00e8 reduce dalla partecipazione al mondiale con la sua nazionale, in corso in Polonia e Slovenia, finito agli ottavi di finale, dopo [&hellip;]<\/p>\n","protected":false},"author":5430,"featured_media":317425,"comment_status":"open","ping_status":"open","sticky":false,"template":"","format":"standard","meta":{"footnotes":""},"categories":[17],"tags":[],"class_list":["post-317424","post","type-post","status-publish","format-standard","has-post-thumbnail","hentry","category-sport"],"_links":{"self":[{"href":"https:\/\/www.radioluna.it\/news\/wp-json\/wp\/v2\/posts\/317424","targetHints":{"allow":["GET"]}}],"collection":[{"href":"https:\/\/www.radioluna.it\/news\/wp-json\/wp\/v2\/posts"}],"about":[{"href":"https:\/\/www.radioluna.it\/news\/wp-json\/wp\/v2\/types\/post"}],"author":[{"embeddable":true,"href":"https:\/\/www.radioluna.it\/news\/wp-json\/wp\/v2\/users\/5430"}],"replies":[{"embeddable":true,"href":"https:\/\/www.radioluna.it\/news\/wp-json\/wp\/v2\/comments?post=317424"}],"version-history":[{"count":0,"href":"https:\/\/www.radioluna.it\/news\/wp-json\/wp\/v2\/posts\/317424\/revisions"}],"wp:featuredmedia":[{"embeddable":true,"href":"https:\/\/www.radioluna.it\/news\/wp-json\/wp\/v2\/media\/317425"}],"wp:attachment":[{"href":"https:\/\/www.radioluna.it\/news\/wp-json\/wp\/v2\/media?parent=317424"}],"wp:term":[{"taxonomy":"category","embeddable":true,"href":"https:\/\/www.radioluna.it\/news\/wp-json\/wp\/v2\/categories?post=317424"},{"taxonomy":"post_tag","embeddable":true,"href":"https:\/\/www.radioluna.it\/news\/wp-json\/wp\/v2\/tags?post=317424"}],"curies":[{"name":"wp","href":"https:\/\/api.w.org\/{rel}","templated":true}]}}